{"id":79848,"date":"2025-12-04T12:15:14","date_gmt":"2025-12-04T12:15:14","guid":{"rendered":"https:\/\/www.cm-evora.pt\/?p=79848"},"modified":"2025-12-04T12:15:14","modified_gmt":"2025-12-04T12:15:14","slug":"programa-de-natal-e-passagem-de-ano-em-evora-assegurado-em-parceria-com-diversas-entidades","status":"publish","type":"post","link":"https:\/\/www.cm-evora.pt\/en\/programa-de-natal-e-passagem-de-ano-em-evora-assegurado-em-parceria-com-diversas-entidades\/","title":{"rendered":"(Portugu\u00eas) Programa de Natal e Passagem de Ano em \u00c9vora assegurado em parceria com diversas entidades"},"content":{"rendered":"<p class=\"qtranxs-available-languages-message qtranxs-available-languages-message-en\">Sorry, this entry is only available in <a href=\"https:\/\/www.cm-evora.pt\/pt\/wp-json\/wp\/v2\/posts\/79848\" class=\"qtranxs-available-language-link qtranxs-available-language-link-pt\" title=\"Portugu\u00eas\">Portugu\u00eas<\/a>.<\/p><p>A constitui\u00e7\u00e3o de um grupo de trabalho dinamizado pela C\u00e2mara Municipal de \u00c9vora em conjunto com diversas entidades permitiu a elabora\u00e7\u00e3o de uma programa\u00e7\u00e3o diversificada de Natal e Passagem de Ano em \u00c9vora, afirmou o Presidente da C\u00e2mara Municipal, Carlos Zorrinho, na reuni\u00e3o p\u00fablica de C\u00e2mara, realizada na tarde de 3 de dezembro<strong>. <\/strong><\/p>\n<p>O programa que foi apresentado em reuni\u00e3o de C\u00e2mara antes da sua divulga\u00e7\u00e3o p\u00fablica, reflete segundo afirmou a vereadora Carmen Carvalheira, uma resposta muito solid\u00e1ria de todos os que foram chamados a colmatar a aus\u00eancia de uma programa\u00e7\u00e3o preparada pelo executivo cessante, permitindo elaborar um programa da cidade e para a cidade.<\/p>\n<p>Assim, logo no dia 5, ser\u00e3o acesas as primeiras luzes de Natal, culminando a ilumina\u00e7\u00e3o no dia 10, com a da \u00e1rvore de Natal, na Pra\u00e7a de Giraldo.<\/p>\n<p>No domingo, 7 de dezembro, t\u00eam lugar as apresenta\u00e7\u00f5es de Natal pela Orquestra Juvenil de Sopros de \u00c9vora em diversas igrejas do concelho, nomeadamente nas freguesias rurais. A programa\u00e7\u00e3o integra, de igual modo, diversos concertos, destacando-se a Missa para a Noite de Natal, no dia 20 de dezembro, na Igreja de S\u00e3o Francisco, numa parceria entre a autarquia e a Santa Casa da Miseric\u00f3rdia de \u00c9vora.<\/p>\n<p>Desta programa\u00e7\u00e3o, destacam-se outros eventos como as Montras Vivas que a 13 de dezembro regressam ao Centro Hist\u00f3rico para animar o com\u00e9rcio tradicional, ap\u00f3s v\u00e1rios anos de aus\u00eancia.\u00a0 Um trabalho em que s\u00e3o parceiros fundamentais a Entidade Regional de Turismo e o Di\u00e1rio do Sul.<\/p>\n<p>Na manh\u00e3 de dia 13, realiza-se tamb\u00e9m a abertura do Jardim de Natal, com a Parada Disney a desfilar e animar as ruas do Centro Hist\u00f3rico rumo ao Jardim P\u00fablico.<\/p>\n<p>O Pal\u00e1cio de D. Manuel e a Ludoteca ir\u00e3o tamb\u00e9m acolher oficinas para crian\u00e7as e suas fam\u00edlias e a festa de passagem do ano contar\u00e1 com a actua\u00e7\u00e3o da banda The Gift a partir das 22 horas, na Pra\u00e7a do Giraldo. O DJ OSKAR, animar\u00e1 a entrada em 2026 com \u00eaxitos dos anos 80, 90 e 2000. Pode j\u00e1 conhecer a programa\u00e7\u00e3o preparada para esta \u00e9poca festiva, que ter\u00e1 ainda atualiza\u00e7\u00f5es, em <a href=\"https:\/\/www.cm-evora.pt\/eventos\/natal-em-evora-2025\/\">https:\/\/www.cm-evora.pt\/eventos\/natal-em-evora-2025\/<\/a><\/p>\n<p>Mereceu aprova\u00e7\u00e3o un\u00e2nime\u00a0 o ajuste direto para a empreitada de constru\u00e7\u00e3o da Extens\u00e3o de Sa\u00fade de N\u00aa S\u00aa da Gra\u00e7a do Divor, bem como a representa\u00e7\u00e3o da C\u00e2mara Municipal de \u00c9vora nos Conselhos Gerais dos Agrupamentos de escolas de \u00c9vora, sendo constitu\u00edda pela Vereadora da Educa\u00e7\u00e3o, Chefe da Divis\u00e3o de Educa\u00e7\u00e3o e Interven\u00e7\u00e3o Social e pelos presidentes da Uni\u00e3o de Freguesias de Malagueira e Horta das Figueiras, Uni\u00e3o de Freguesias de Bacelo e Sr\u00aa da Sa\u00fade, \u200bUni\u00e3o de Freguesias de \u00c9vora (S. Mamede, S\u00e9, S\u00e3o Pedro e Santo Ant\u00e3o) e Junta de Freguesia de Canaviais.<\/p>\n<p>Nesta reuni\u00e3o de C\u00e2mara foram aprovados por unanimidade votos de sauda\u00e7\u00e3o ao <strong>Coordenador T\u00e9cnico Nacional<\/strong> da<strong> Federa\u00e7\u00e3o Portuguesa de Futebol<\/strong>, \u00d3scar Tojo e ao atleta Francisco Laranjeira (Atletismo) pelo seu desempenho na \u00e1rea desportiva e \u00e0 meia de \u00c9vora. <strong>O <\/strong>11\u00ba anivers\u00e1rio do Cante Alentejano como Patrim\u00f3nio Cultural Imaterial da Humanidade <strong>tamb\u00e9m foi saudado, tal como o <\/strong>Dia Mundial em Mem\u00f3ria das V\u00edtimas da Estrada e o Dia Internacional dos Volunt\u00e1rios. Os votos foram apresentados, respetivamente pelo PS, CDU e PSD.<\/p>\n\n\t\t<style type=\"text\/css\">\n\t\t\t#gallery-1 {\n\t\t\t\tmargin: auto;\n\t\t\t}\n\t\t\t#gallery-1 .gallery-item {\n\t\t\t\tfloat: left;\n\t\t\t\tmargin-top: 10px;\n\t\t\t\ttext-align: center;\n\t\t\t\twidth: 100%;\n\t\t\t}\n\t\t\t#gallery-1 img {\n\t\t\t\tborder: 2px solid #cfcfcf;\n\t\t\t}\n\t\t\t#gallery-1 .gallery-caption {\n\t\t\t\tmargin-left: 0;\n\t\t\t}\n\t\t\t\/* see gallery_shortcode() in wp-includes\/media.php *\/\n\t\t<\/style>\n\t\t<div id='gallery-1' class='gallery galleryid-79848 gallery-columns-1 gallery-size-full'><dl class='gallery-item'>\n\t\t\t<dt class='gallery-icon landscape'>\n\t\t\t\t<a href='https:\/\/www.cm-evora.pt\/wp-content\/uploads\/2025\/12\/CMElogo-1.jpg'><img loading=\"lazy\" decoding=\"async\" width=\"1920\" height=\"1281\" src=\"https:\/\/www.cm-evora.pt\/wp-content\/uploads\/2025\/12\/CMElogo-1.jpg\" class=\"attachment-full size-full\" alt=\"\" srcset=\"https:\/\/www.cm-evora.pt\/wp-content\/uploads\/2025\/12\/CMElogo-1.jpg 1920w, https:\/\/www.cm-evora.pt\/wp-content\/uploads\/2025\/12\/CMElogo-1-300x200.jpg 300w, https:\/\/www.cm-evora.pt\/wp-content\/uploads\/2025\/12\/CMElogo-1-1024x683.jpg 1024w, https:\/\/www.cm-evora.pt\/wp-content\/uploads\/2025\/12\/CMElogo-1-768x512.jpg 768w, https:\/\/www.cm-evora.pt\/wp-content\/uploads\/2025\/12\/CMElogo-1-1536x1025.jpg 1536w, https:\/\/www.cm-evora.pt\/wp-content\/uploads\/2025\/12\/CMElogo-1-1320x881.jpg 1320w\" sizes=\"auto, (max-width: 1920px) 100vw, 1920px\" \/><\/a>\n\t\t\t<\/dt><\/dl><br style=\"clear: both\" \/>\n\t\t<\/div>\n\n<p>&nbsp;<\/p>\n<p>&nbsp;<\/p>","protected":false},"excerpt":{"rendered":"<p>Sorry, this entry is only available in Portugu\u00eas.A constitui\u00e7\u00e3o de um grupo de trabalho dinamizado pela C\u00e2mara Municipal de \u00c9vora em conjunto com diversas entidades permitiu a elabora\u00e7\u00e3o de uma programa\u00e7\u00e3o diversificada de Natal e Passagem de Ano em \u00c9vora, afirmou o Presidente da C\u00e2mara Municipal, Carlos Zorrinho, na reuni\u00e3o p\u00fablica de C\u00e2mara, realizada na [&hellip;]<\/p>\n","protected":false},"author":81,"featured_media":79849,"comment_status":"closed","ping_status":"closed","sticky":false,"template":"","format":"standard","meta":{"_acf_changed":false,"footnotes":""},"categories":[2110],"tags":[],"class_list":["post-79848","post","type-post","status-publish","format-standard","has-post-thumbnail","hentry","category-noticias"],"acf":{"imagens":"","destaq_image":79849,"titulo_docs_seccao":"","documentos":""},"_links":{"self":[{"href":"https:\/\/www.cm-evora.pt\/en\/wp-json\/wp\/v2\/posts\/79848","targetHints":{"allow":["GET"]}}],"collection":[{"href":"https:\/\/www.cm-evora.pt\/en\/wp-json\/wp\/v2\/posts"}],"about":[{"href":"https:\/\/www.cm-evora.pt\/en\/wp-json\/wp\/v2\/types\/post"}],"author":[{"embeddable":true,"href":"https:\/\/www.cm-evora.pt\/en\/wp-json\/wp\/v2\/users\/81"}],"replies":[{"embeddable":true,"href":"https:\/\/www.cm-evora.pt\/en\/wp-json\/wp\/v2\/comments?post=79848"}],"version-history":[{"count":1,"href":"https:\/\/www.cm-evora.pt\/en\/wp-json\/wp\/v2\/posts\/79848\/revisions"}],"predecessor-version":[{"id":79851,"href":"https:\/\/www.cm-evora.pt\/en\/wp-json\/wp\/v2\/posts\/79848\/revisions\/79851"}],"wp:featuredmedia":[{"embeddable":true,"href":"https:\/\/www.cm-evora.pt\/en\/wp-json\/wp\/v2\/media\/79849"}],"wp:attachment":[{"href":"https:\/\/www.cm-evora.pt\/en\/wp-json\/wp\/v2\/media?parent=79848"}],"wp:term":[{"taxonomy":"category","embeddable":true,"href":"https:\/\/www.cm-evora.pt\/en\/wp-json\/wp\/v2\/categories?post=79848"},{"taxonomy":"post_tag","embeddable":true,"href":"https:\/\/www.cm-evora.pt\/en\/wp-json\/wp\/v2\/tags?post=79848"}],"curies":[{"name":"wp","href":"https:\/\/api.w.org\/{rel}","templated":true}]}}