{"id":80809,"date":"2026-01-09T12:03:51","date_gmt":"2026-01-09T12:03:51","guid":{"rendered":"https:\/\/www.cm-evora.pt\/?p=80809"},"modified":"2026-01-09T12:03:51","modified_gmt":"2026-01-09T12:03:51","slug":"principais-assuntos-tratados-na-reuniao-publica-de-camara-de-8-de-janeiro-evora-acolhe-importante-cerimonia-militar-publica-no-dia-16-de-janeiro","status":"publish","type":"post","link":"https:\/\/www.cm-evora.pt\/en\/principais-assuntos-tratados-na-reuniao-publica-de-camara-de-8-de-janeiro-evora-acolhe-importante-cerimonia-militar-publica-no-dia-16-de-janeiro\/","title":{"rendered":"(Portugu\u00eas) Principais assuntos tratados na reuni\u00e3o p\u00fablica de C\u00e2mara de 8 de janeiro:  \u00c9vora acolhe importante cerim\u00f3nia militar p\u00fablica no dia 16 de janeiro"},"content":{"rendered":"<p class=\"qtranxs-available-languages-message qtranxs-available-languages-message-en\">Sorry, this entry is only available in <a href=\"https:\/\/www.cm-evora.pt\/pt\/wp-json\/wp\/v2\/posts\/80809\" class=\"qtranxs-available-language-link qtranxs-available-language-link-pt\" title=\"Portugu\u00eas\">Portugu\u00eas<\/a>.<\/p><p>A Pra\u00e7a de Giraldo vai ser palco da cerim\u00f3nia de Juramento de Bandeira, organizada pela Dire\u00e7\u00e3o de Forma\u00e7\u00e3o do Ex\u00e9rcito, durante a manh\u00e3 de 16 de janeiro, na qual se prev\u00ea a participa\u00e7\u00e3o de quase meio milhar de militares e cerca de 2500 familiares.<\/p>\n<p>O Presidente da C\u00e2mara Municipal de \u00c9vora, Carlos Zorrinho, convidou toda a Verea\u00e7\u00e3o a participar neste acto p\u00fablico que assinala o fim da instru\u00e7\u00e3o b\u00e1sica e o in\u00edcio de uma nova etapa na forma\u00e7\u00e3o militar.<\/p>\n<p>O autarca informou tamb\u00e9m que\u00a0este\u00a0momento de alto simbolismo na vida da cidade ter\u00e1\u00a0uma recep\u00e7\u00e3o\u00a0\u00e0s altas patentes\u00a0nos Pa\u00e7os do Concelho, seguindo-se a cerim\u00f3nia do Juramento, na Pra\u00e7a de Giraldo.<\/p>\n<p>Carlos Zorrinho comunicou que a C\u00e2mara Municipal continua a trabalhar arduamente com as entidades para conseguir aproveitar as verbas dispon\u00edveis no Plano de Recupera\u00e7\u00e3o e Resili\u00eancia (PRR) para interven\u00e7\u00f5es na cidade e no Concelho e est\u00e1 tamb\u00e9m a preparar uma interven\u00e7\u00e3o para recupera\u00e7\u00e3o das Termas Romanas, or\u00e7ada em cerca de 1,2 milh\u00f5es de euros.<\/p>\n<p>Fez o ponto de situa\u00e7\u00e3o sobre a atualiza\u00e7\u00e3o do projeto de acessibilidades ao novo Hospital Central do Alentejo cuja a assinatura estar\u00e1 para breve e chamou ainda a aten\u00e7\u00e3o para a elei\u00e7\u00e3o do Presidente da CCDRA que decorre no dia 12 de janeiro, entre as 16 e as 20 horas, nos Pa\u00e7os do Concelho. Nesta tarde, na CIMAC ser\u00e1 eleito o Vice-Presidente.<\/p>\n<p>O Vereador Jer\u00f3nimo Jos\u00e9 fez refer\u00eancia ao trabalho que est\u00e1 a decorrer em conjunto com as Juntas\/Uni\u00f5es de Freguesia para responder adequadamente \u00e0s situa\u00e7\u00f5es sinalizadas e a Vereadora Carmen Carvalheira destacou as interven\u00e7\u00f5es em v\u00e1rias escolas para resolver situa\u00e7\u00f5es prementes e as dilig\u00eancias que a C\u00e2mara est\u00e1 a fazer com outras entidades no que concerne \u00e0 seguran\u00e7a rodovi\u00e1ria, tendo j\u00e1 lan\u00e7ado o convite \u00e0 Universidade de \u00c9vora para, em conjunto desenvolverem o Plano de Seguran\u00e7a Rodovi\u00e1ria de \u00c9vora.<\/p>\n<p>Nesta reuni\u00e3o foram ainda aprovados os seguintes votos: &#8211; Voto de sauda\u00e7\u00e3o, apresentado pelo PSD, aos 40 anos de ades\u00e3o de Portugal \u00e0 Uni\u00e3o Europeia \u2013 Aprovado por maioria com 6 votos favor\u00e1veis (PSD, PS e Chega) e 1 voto contra (CDU).<\/p>\n<p>&#8211; Voto de sauda\u00e7\u00e3o aos Cantadores das Janeiras, apresentado pelo PSD \u2013 Aprovado por unanimidade.<\/p>\n<p>&#8211; Voto de Pesar pelo falecimento de Joaquim Calhau, Presidente do GOSMA \u2013 Grupo Orgulhoso de Ser Motard Alentejano, apresentado pelo PSD \u2013 Aprovado por unanimidade.<\/p>\n<p>&#8211; Voto de Pesar pelo falecimento de Joana Isabel Peixe, Fundadora da Associa\u00e7\u00e3o S\u00f3cio-Cultural Terap\u00eautica de \u00c9vora (ASCTE), apresentado pelo PSD &#8211; Aprovado por unanimidade.<\/p>\n<p>&#8211; Voto de Pesar pelo falecimento de do antigo atleta Manuel Gomes (guarda-redes de futebol), apresentado por pelo PSD \u2013 Aprovado por unanimidade.<\/p>\n<p>&#8211; Voto de Pesar pelo falecimento de Orlando Mestre (funcion\u00e1rio aposentado da CME), apresentado pela CDU \u2013 Aprovado por unanimidade.<\/p>\n<p>&#8211; Voto de Pesar pelo falecimento de Ant\u00f3nio Varela (funcion\u00e1rio da CME), apresentado pela CDU \u2013 Aprovado por unanimidade.<\/p>\n<p>Por sugest\u00e3o do Presidente da C\u00e2mara Municipal de \u00c9vora foi feito um minuto de sil\u00eancio em mem\u00f3ria dos falecidos.<\/p>\n<p>&#8211; Voto de sauda\u00e7\u00e3o \u00e0 associa\u00e7\u00e3o de Basquetebol do Alentejo, apresentado pela CDU \u2013 Aprovado por unanimidade.<\/p>\n<p>&#8211; Voto de sauda\u00e7\u00e3o ao jogador Ant\u00f3nio Palma (Bridge). Apresentado pela CDU &#8211; Aprovado por unanimidade.<\/p>\n<p>\n\t\t<style type=\"text\/css\">\n\t\t\t#gallery-1 {\n\t\t\t\tmargin: auto;\n\t\t\t}\n\t\t\t#gallery-1 .gallery-item {\n\t\t\t\tfloat: left;\n\t\t\t\tmargin-top: 10px;\n\t\t\t\ttext-align: center;\n\t\t\t\twidth: 100%;\n\t\t\t}\n\t\t\t#gallery-1 img {\n\t\t\t\tborder: 2px solid #cfcfcf;\n\t\t\t}\n\t\t\t#gallery-1 .gallery-caption {\n\t\t\t\tmargin-left: 0;\n\t\t\t}\n\t\t\t\/* see gallery_shortcode() in wp-includes\/media.php *\/\n\t\t<\/style>\n\t\t<div id='gallery-1' class='gallery galleryid-80809 gallery-columns-1 gallery-size-full'><dl class='gallery-item'>\n\t\t\t<dt class='gallery-icon landscape'>\n\t\t\t\t<a href='https:\/\/www.cm-evora.pt\/wp-content\/uploads\/2026\/01\/CMElogo-1.jpg'><img loading=\"lazy\" decoding=\"async\" width=\"1920\" height=\"1281\" src=\"https:\/\/www.cm-evora.pt\/wp-content\/uploads\/2026\/01\/CMElogo-1.jpg\" class=\"attachment-full size-full\" alt=\"\" srcset=\"https:\/\/www.cm-evora.pt\/wp-content\/uploads\/2026\/01\/CMElogo-1.jpg 1920w, https:\/\/www.cm-evora.pt\/wp-content\/uploads\/2026\/01\/CMElogo-1-300x200.jpg 300w, https:\/\/www.cm-evora.pt\/wp-content\/uploads\/2026\/01\/CMElogo-1-1024x683.jpg 1024w, https:\/\/www.cm-evora.pt\/wp-content\/uploads\/2026\/01\/CMElogo-1-768x512.jpg 768w, https:\/\/www.cm-evora.pt\/wp-content\/uploads\/2026\/01\/CMElogo-1-1536x1025.jpg 1536w, https:\/\/www.cm-evora.pt\/wp-content\/uploads\/2026\/01\/CMElogo-1-1320x881.jpg 1320w\" sizes=\"auto, (max-width: 1920px) 100vw, 1920px\" \/><\/a>\n\t\t\t<\/dt><\/dl><br style=\"clear: both\" \/>\n\t\t<\/div>\n<\/p>","protected":false},"excerpt":{"rendered":"<p>Sorry, this entry is only available in Portugu\u00eas.A Pra\u00e7a de Giraldo vai ser palco da cerim\u00f3nia de Juramento de Bandeira, organizada pela Dire\u00e7\u00e3o de Forma\u00e7\u00e3o do Ex\u00e9rcito, durante a manh\u00e3 de 16 de janeiro, na qual se prev\u00ea a participa\u00e7\u00e3o de quase meio milhar de militares e cerca de 2500 familiares. O Presidente da C\u00e2mara [&hellip;]<\/p>\n","protected":false},"author":81,"featured_media":80810,"comment_status":"closed","ping_status":"closed","sticky":false,"template":"","format":"standard","meta":{"_acf_changed":false,"footnotes":""},"categories":[2110],"tags":[],"class_list":["post-80809","post","type-post","status-publish","format-standard","has-post-thumbnail","hentry","category-noticias"],"acf":{"imagens":"","destaq_image":80810,"titulo_docs_seccao":"","documentos":""},"_links":{"self":[{"href":"https:\/\/www.cm-evora.pt\/en\/wp-json\/wp\/v2\/posts\/80809","targetHints":{"allow":["GET"]}}],"collection":[{"href":"https:\/\/www.cm-evora.pt\/en\/wp-json\/wp\/v2\/posts"}],"about":[{"href":"https:\/\/www.cm-evora.pt\/en\/wp-json\/wp\/v2\/types\/post"}],"author":[{"embeddable":true,"href":"https:\/\/www.cm-evora.pt\/en\/wp-json\/wp\/v2\/users\/81"}],"replies":[{"embeddable":true,"href":"https:\/\/www.cm-evora.pt\/en\/wp-json\/wp\/v2\/comments?post=80809"}],"version-history":[{"count":1,"href":"https:\/\/www.cm-evora.pt\/en\/wp-json\/wp\/v2\/posts\/80809\/revisions"}],"predecessor-version":[{"id":80811,"href":"https:\/\/www.cm-evora.pt\/en\/wp-json\/wp\/v2\/posts\/80809\/revisions\/80811"}],"wp:featuredmedia":[{"embeddable":true,"href":"https:\/\/www.cm-evora.pt\/en\/wp-json\/wp\/v2\/media\/80810"}],"wp:attachment":[{"href":"https:\/\/www.cm-evora.pt\/en\/wp-json\/wp\/v2\/media?parent=80809"}],"wp:term":[{"taxonomy":"category","embeddable":true,"href":"https:\/\/www.cm-evora.pt\/en\/wp-json\/wp\/v2\/categories?post=80809"},{"taxonomy":"post_tag","embeddable":true,"href":"https:\/\/www.cm-evora.pt\/en\/wp-json\/wp\/v2\/tags?post=80809"}],"curies":[{"name":"wp","href":"https:\/\/api.w.org\/{rel}","templated":true}]}}