{"id":82076,"date":"2026-03-04T12:26:21","date_gmt":"2026-03-04T12:26:21","guid":{"rendered":"https:\/\/www.cm-evora.pt\/?p=82076"},"modified":"2026-03-04T12:27:41","modified_gmt":"2026-03-04T12:27:41","slug":"camara-de-evora-celebra-mes-da-juventude-com-dezenas-de-atividades-youth-fest-acontece-na-arena-nos-dias-05-e-06-de-marco","status":"publish","type":"post","link":"https:\/\/www.cm-evora.pt\/en\/camara-de-evora-celebra-mes-da-juventude-com-dezenas-de-atividades-youth-fest-acontece-na-arena-nos-dias-05-e-06-de-marco\/","title":{"rendered":"(Portugu\u00eas) C\u00e2mara de \u00c9vora celebra M\u00eas da Juventude com dezenas de atividades"},"content":{"rendered":"<p class=\"qtranxs-available-languages-message qtranxs-available-languages-message-en\">Sorry, this entry is only available in <a href=\"https:\/\/www.cm-evora.pt\/pt\/wp-json\/wp\/v2\/posts\/82076\" class=\"qtranxs-available-language-link qtranxs-available-language-link-pt\" title=\"Portugu\u00eas\">Portugu\u00eas<\/a>.<\/p><p><strong>Youth Fest acontece na Arena nos dias 05 e 06 de mar\u00e7o<\/strong><\/p>\n<p><strong>Mar\u00e7o \u00e9 o m\u00eas dedicado \u00e0 Juventude no concelho de \u00c9vora. A inaugura\u00e7\u00e3o oficial do evento decorreu ontem, 03 de mar\u00e7o, no Sal\u00e3o Nobre dos Pa\u00e7os do Concelho, antecedida pela reuni\u00e3o do Conselho Municipal da Juventude, \u00f3rg\u00e3o que, em parceria com um alargado n\u00famero de entidades e associa\u00e7\u00f5es juvenis, dinamiza o M\u00eas da Juventude com a promo\u00e7\u00e3o de atividades culturais, desportivas e sociais.\u00a0\u00a0 <\/strong><\/p>\n<p>A apresenta\u00e7\u00e3o do programa da iniciativa incluiu a entrega de certificados aos volunt\u00e1rios do programa VJovem 2025, a entrega do pr\u00e9mio do concurso \u201cLinha Gr\u00e1fica 2026\u201d, cuja vencedora do cartaz foi Marta de Azevedo Pereira, de 16 anos, estudante da Escola Secund\u00e1ria Severim de Faria e, para finalizar, um momento musical com as atua\u00e7\u00f5es da Tuna Acad\u00e9mica Feminina da Universidade de \u00c9vora e Seistetos.<\/p>\n<p>A sess\u00e3o contou com as presen\u00e7as do Presidente da C\u00e2mara Municipal de \u00c9vora, Carlos Zorrinho, e do vice-presidente, Jer\u00f3nimo Jos\u00e9, que enfatizaram o empenho da autarquia no apoio \u00e0 realiza\u00e7\u00e3o do M\u00eas da Juventude. Aproveitando a oportunidade, o autarca deixou o desafio para a participa\u00e7\u00e3o dos jovens no processo de debate do Plano de Urbaniza\u00e7\u00e3o, em curso at\u00e9 outubro, lembrando a import\u00e2ncia de fixar os jovens no concelho, nomeadamente atrav\u00e9s da constru\u00e7\u00e3o de mais habita\u00e7\u00e3o. \u201cQue este seja tamb\u00e9m o ano da juventude em \u00c9vora\u201d, terminou Carlos Zorrinho.<\/p>\n<p>Do programa, destacamos a 05 e 06 de mar\u00e7o, quinta e sexta-feira, mais uma edi\u00e7\u00e3o do \u00c9vora Youth Fest, na Arena de \u00c9vora. Amanh\u00e3, dia 05, a partir das 14h00, a tarde \u00e9 dedicada aos jogos digitais. \u00c0 noite, \u00e0s 22h00, \u00e9 a vez do Stand up Comedy com atua\u00e7\u00e3o de Andr\u00e9 do Karat\u00e9. Para sexta, dia 06, \u00e0s 22h30, est\u00e3o agendados concertos com a banda Descendentes e, como cabe\u00e7a de cartaz, os eborenses \u00c1TOA. Os bilhetes custam 5\u20ac e podem ser adquiridos atrav\u00e9s da bol: <a href=\"https:\/\/www.bol.pt\/Comprar\/Bilhetes\/173184-evora_youthfest-arena_d_evora\/\">https:\/\/www.bol.pt\/Comprar\/Bilhetes\/173184-evora_youthfest-arena_d_evora\/<\/a> e demais locais habituais.<\/p>\n<p>De 20 de mar\u00e7o a 22 de abril, a Igreja de S\u00e3o Vicente recebe o JABA \u2013 Certame Transfronteiri\u00e7o de Jovens Criadores, uma iniciativa anual promovida pelo Ayuntamiento de Badajoz, que re\u00fane obras de jovens artistas da Extremadura e do Alentejo, com idades entre os 13 e os 35 anos. Em exposi\u00e7\u00e3o v\u00e3o estar os 85 trabalhos apresentados ao concurso JABA 2025.<\/p>\n<p>O programa completo de iniciativas pode ser consultado em <a href=\"https:\/\/www.cm-evora.pt\/eventos\/mes-da-juventude-marco-2026\/\">https:\/\/www.cm-evora.pt\/eventos\/mes-da-juventude-marco-2026\/<\/a><\/p>\n<p>\n\t\t<style type=\"text\/css\">\n\t\t\t#gallery-1 {\n\t\t\t\tmargin: auto;\n\t\t\t}\n\t\t\t#gallery-1 .gallery-item {\n\t\t\t\tfloat: left;\n\t\t\t\tmargin-top: 10px;\n\t\t\t\ttext-align: center;\n\t\t\t\twidth: 25%;\n\t\t\t}\n\t\t\t#gallery-1 img {\n\t\t\t\tborder: 2px solid #cfcfcf;\n\t\t\t}\n\t\t\t#gallery-1 .gallery-caption {\n\t\t\t\tmargin-left: 0;\n\t\t\t}\n\t\t\t\/* see gallery_shortcode() in wp-includes\/media.php *\/\n\t\t<\/style>\n\t\t<div id='gallery-1' class='gallery galleryid-82076 gallery-columns-4 gallery-size-full'><dl class='gallery-item'>\n\t\t\t<dt class='gallery-icon landscape'>\n\t\t\t\t<a href='https:\/\/www.cm-evora.pt\/wp-content\/uploads\/2026\/03\/DSC_6989-scaled.jpg'><img loading=\"lazy\" decoding=\"async\" width=\"2560\" height=\"1707\" src=\"https:\/\/www.cm-evora.pt\/wp-content\/uploads\/2026\/03\/DSC_6989-scaled.jpg\" class=\"attachment-full size-full\" alt=\"\" srcset=\"https:\/\/www.cm-evora.pt\/wp-content\/uploads\/2026\/03\/DSC_6989-scaled.jpg 2560w, https:\/\/www.cm-evora.pt\/wp-content\/uploads\/2026\/03\/DSC_6989-300x200.jpg 300w, https:\/\/www.cm-evora.pt\/wp-content\/uploads\/2026\/03\/DSC_6989-1024x683.jpg 1024w, https:\/\/www.cm-evora.pt\/wp-content\/uploads\/2026\/03\/DSC_6989-768x512.jpg 768w, https:\/\/www.cm-evora.pt\/wp-content\/uploads\/2026\/03\/DSC_6989-1536x1024.jpg 1536w, https:\/\/www.cm-evora.pt\/wp-content\/uploads\/2026\/03\/DSC_6989-2048x1365.jpg 2048w, https:\/\/www.cm-evora.pt\/wp-content\/uploads\/2026\/03\/DSC_6989-1320x880.jpg 1320w\" sizes=\"auto, (max-width: 2560px) 100vw, 2560px\" \/><\/a>\n\t\t\t<\/dt><\/dl><dl class='gallery-item'>\n\t\t\t<dt class='gallery-icon landscape'>\n\t\t\t\t<a href='https:\/\/www.cm-evora.pt\/wp-content\/uploads\/2026\/03\/DSC_6992-scaled.jpg'><img loading=\"lazy\" decoding=\"async\" width=\"2560\" height=\"1707\" src=\"https:\/\/www.cm-evora.pt\/wp-content\/uploads\/2026\/03\/DSC_6992-scaled.jpg\" class=\"attachment-full size-full\" alt=\"\" srcset=\"https:\/\/www.cm-evora.pt\/wp-content\/uploads\/2026\/03\/DSC_6992-scaled.jpg 2560w, https:\/\/www.cm-evora.pt\/wp-content\/uploads\/2026\/03\/DSC_6992-300x200.jpg 300w, https:\/\/www.cm-evora.pt\/wp-content\/uploads\/2026\/03\/DSC_6992-1024x683.jpg 1024w, https:\/\/www.cm-evora.pt\/wp-content\/uploads\/2026\/03\/DSC_6992-768x512.jpg 768w, https:\/\/www.cm-evora.pt\/wp-content\/uploads\/2026\/03\/DSC_6992-1536x1024.jpg 1536w, https:\/\/www.cm-evora.pt\/wp-content\/uploads\/2026\/03\/DSC_6992-2048x1365.jpg 2048w, https:\/\/www.cm-evora.pt\/wp-content\/uploads\/2026\/03\/DSC_6992-1320x880.jpg 1320w\" sizes=\"auto, (max-width: 2560px) 100vw, 2560px\" \/><\/a>\n\t\t\t<\/dt><\/dl><dl class='gallery-item'>\n\t\t\t<dt class='gallery-icon landscape'>\n\t\t\t\t<a href='https:\/\/www.cm-evora.pt\/wp-content\/uploads\/2026\/03\/DSC_6997-scaled.jpg'><img loading=\"lazy\" decoding=\"async\" width=\"2560\" height=\"1707\" src=\"https:\/\/www.cm-evora.pt\/wp-content\/uploads\/2026\/03\/DSC_6997-scaled.jpg\" class=\"attachment-full size-full\" alt=\"\" srcset=\"https:\/\/www.cm-evora.pt\/wp-content\/uploads\/2026\/03\/DSC_6997-scaled.jpg 2560w, https:\/\/www.cm-evora.pt\/wp-content\/uploads\/2026\/03\/DSC_6997-300x200.jpg 300w, https:\/\/www.cm-evora.pt\/wp-content\/uploads\/2026\/03\/DSC_6997-1024x683.jpg 1024w, https:\/\/www.cm-evora.pt\/wp-content\/uploads\/2026\/03\/DSC_6997-768x512.jpg 768w, https:\/\/www.cm-evora.pt\/wp-content\/uploads\/2026\/03\/DSC_6997-1536x1024.jpg 1536w, https:\/\/www.cm-evora.pt\/wp-content\/uploads\/2026\/03\/DSC_6997-2048x1365.jpg 2048w, https:\/\/www.cm-evora.pt\/wp-content\/uploads\/2026\/03\/DSC_6997-1320x880.jpg 1320w\" sizes=\"auto, (max-width: 2560px) 100vw, 2560px\" \/><\/a>\n\t\t\t<\/dt><\/dl><dl class='gallery-item'>\n\t\t\t<dt class='gallery-icon landscape'>\n\t\t\t\t<a href='https:\/\/www.cm-evora.pt\/wp-content\/uploads\/2026\/03\/DSC_7009-scaled.jpg'><img loading=\"lazy\" decoding=\"async\" width=\"2560\" height=\"1521\" src=\"https:\/\/www.cm-evora.pt\/wp-content\/uploads\/2026\/03\/DSC_7009-scaled.jpg\" class=\"attachment-full size-full\" alt=\"\" srcset=\"https:\/\/www.cm-evora.pt\/wp-content\/uploads\/2026\/03\/DSC_7009-scaled.jpg 2560w, https:\/\/www.cm-evora.pt\/wp-content\/uploads\/2026\/03\/DSC_7009-300x178.jpg 300w, https:\/\/www.cm-evora.pt\/wp-content\/uploads\/2026\/03\/DSC_7009-1024x608.jpg 1024w, https:\/\/www.cm-evora.pt\/wp-content\/uploads\/2026\/03\/DSC_7009-768x456.jpg 768w, https:\/\/www.cm-evora.pt\/wp-content\/uploads\/2026\/03\/DSC_7009-1536x912.jpg 1536w, https:\/\/www.cm-evora.pt\/wp-content\/uploads\/2026\/03\/DSC_7009-2048x1217.jpg 2048w, https:\/\/www.cm-evora.pt\/wp-content\/uploads\/2026\/03\/DSC_7009-1320x784.jpg 1320w\" sizes=\"auto, (max-width: 2560px) 100vw, 2560px\" \/><\/a>\n\t\t\t<\/dt><\/dl><br style=\"clear: both\" \/><dl class='gallery-item'>\n\t\t\t<dt class='gallery-icon landscape'>\n\t\t\t\t<a href='https:\/\/www.cm-evora.pt\/wp-content\/uploads\/2026\/03\/DSC_7014-scaled.jpg'><img loading=\"lazy\" decoding=\"async\" width=\"2560\" height=\"2309\" src=\"https:\/\/www.cm-evora.pt\/wp-content\/uploads\/2026\/03\/DSC_7014-scaled.jpg\" class=\"attachment-full size-full\" alt=\"\" srcset=\"https:\/\/www.cm-evora.pt\/wp-content\/uploads\/2026\/03\/DSC_7014-scaled.jpg 2560w, https:\/\/www.cm-evora.pt\/wp-content\/uploads\/2026\/03\/DSC_7014-300x271.jpg 300w, https:\/\/www.cm-evora.pt\/wp-content\/uploads\/2026\/03\/DSC_7014-1024x924.jpg 1024w, https:\/\/www.cm-evora.pt\/wp-content\/uploads\/2026\/03\/DSC_7014-768x693.jpg 768w, https:\/\/www.cm-evora.pt\/wp-content\/uploads\/2026\/03\/DSC_7014-1536x1385.jpg 1536w, https:\/\/www.cm-evora.pt\/wp-content\/uploads\/2026\/03\/DSC_7014-2048x1847.jpg 2048w, https:\/\/www.cm-evora.pt\/wp-content\/uploads\/2026\/03\/DSC_7014-1320x1191.jpg 1320w\" sizes=\"auto, (max-width: 2560px) 100vw, 2560px\" \/><\/a>\n\t\t\t<\/dt><\/dl><dl class='gallery-item'>\n\t\t\t<dt class='gallery-icon landscape'>\n\t\t\t\t<a href='https:\/\/www.cm-evora.pt\/wp-content\/uploads\/2026\/03\/DSC_7043-scaled.jpg'><img loading=\"lazy\" decoding=\"async\" width=\"2560\" height=\"1707\" src=\"https:\/\/www.cm-evora.pt\/wp-content\/uploads\/2026\/03\/DSC_7043-scaled.jpg\" class=\"attachment-full size-full\" alt=\"\" srcset=\"https:\/\/www.cm-evora.pt\/wp-content\/uploads\/2026\/03\/DSC_7043-scaled.jpg 2560w, https:\/\/www.cm-evora.pt\/wp-content\/uploads\/2026\/03\/DSC_7043-300x200.jpg 300w, https:\/\/www.cm-evora.pt\/wp-content\/uploads\/2026\/03\/DSC_7043-1024x683.jpg 1024w, https:\/\/www.cm-evora.pt\/wp-content\/uploads\/2026\/03\/DSC_7043-768x512.jpg 768w, https:\/\/www.cm-evora.pt\/wp-content\/uploads\/2026\/03\/DSC_7043-1536x1024.jpg 1536w, https:\/\/www.cm-evora.pt\/wp-content\/uploads\/2026\/03\/DSC_7043-2048x1365.jpg 2048w, https:\/\/www.cm-evora.pt\/wp-content\/uploads\/2026\/03\/DSC_7043-1320x880.jpg 1320w\" sizes=\"auto, (max-width: 2560px) 100vw, 2560px\" \/><\/a>\n\t\t\t<\/dt><\/dl><dl class='gallery-item'>\n\t\t\t<dt class='gallery-icon landscape'>\n\t\t\t\t<a href='https:\/\/www.cm-evora.pt\/wp-content\/uploads\/2026\/03\/DSC_7048-scaled.jpg'><img loading=\"lazy\" decoding=\"async\" width=\"2560\" height=\"1707\" src=\"https:\/\/www.cm-evora.pt\/wp-content\/uploads\/2026\/03\/DSC_7048-scaled.jpg\" class=\"attachment-full size-full\" alt=\"\" srcset=\"https:\/\/www.cm-evora.pt\/wp-content\/uploads\/2026\/03\/DSC_7048-scaled.jpg 2560w, https:\/\/www.cm-evora.pt\/wp-content\/uploads\/2026\/03\/DSC_7048-300x200.jpg 300w, https:\/\/www.cm-evora.pt\/wp-content\/uploads\/2026\/03\/DSC_7048-1024x683.jpg 1024w, https:\/\/www.cm-evora.pt\/wp-content\/uploads\/2026\/03\/DSC_7048-768x512.jpg 768w, https:\/\/www.cm-evora.pt\/wp-content\/uploads\/2026\/03\/DSC_7048-1536x1024.jpg 1536w, https:\/\/www.cm-evora.pt\/wp-content\/uploads\/2026\/03\/DSC_7048-2048x1365.jpg 2048w, https:\/\/www.cm-evora.pt\/wp-content\/uploads\/2026\/03\/DSC_7048-1320x880.jpg 1320w\" sizes=\"auto, (max-width: 2560px) 100vw, 2560px\" \/><\/a>\n\t\t\t<\/dt><\/dl><dl class='gallery-item'>\n\t\t\t<dt class='gallery-icon landscape'>\n\t\t\t\t<a href='https:\/\/www.cm-evora.pt\/wp-content\/uploads\/2026\/03\/DSC_7052-scaled.jpg'><img loading=\"lazy\" decoding=\"async\" width=\"2560\" height=\"1707\" src=\"https:\/\/www.cm-evora.pt\/wp-content\/uploads\/2026\/03\/DSC_7052-scaled.jpg\" class=\"attachment-full size-full\" alt=\"\" srcset=\"https:\/\/www.cm-evora.pt\/wp-content\/uploads\/2026\/03\/DSC_7052-scaled.jpg 2560w, https:\/\/www.cm-evora.pt\/wp-content\/uploads\/2026\/03\/DSC_7052-300x200.jpg 300w, https:\/\/www.cm-evora.pt\/wp-content\/uploads\/2026\/03\/DSC_7052-1024x683.jpg 1024w, https:\/\/www.cm-evora.pt\/wp-content\/uploads\/2026\/03\/DSC_7052-768x512.jpg 768w, https:\/\/www.cm-evora.pt\/wp-content\/uploads\/2026\/03\/DSC_7052-1536x1024.jpg 1536w, https:\/\/www.cm-evora.pt\/wp-content\/uploads\/2026\/03\/DSC_7052-2048x1365.jpg 2048w, https:\/\/www.cm-evora.pt\/wp-content\/uploads\/2026\/03\/DSC_7052-1320x880.jpg 1320w\" sizes=\"auto, (max-width: 2560px) 100vw, 2560px\" \/><\/a>\n\t\t\t<\/dt><\/dl><br style=\"clear: both\" \/><dl class='gallery-item'>\n\t\t\t<dt class='gallery-icon landscape'>\n\t\t\t\t<a href='https:\/\/www.cm-evora.pt\/wp-content\/uploads\/2026\/03\/DSC_7054-scaled.jpg'><img loading=\"lazy\" decoding=\"async\" width=\"2560\" height=\"1707\" src=\"https:\/\/www.cm-evora.pt\/wp-content\/uploads\/2026\/03\/DSC_7054-scaled.jpg\" class=\"attachment-full size-full\" alt=\"\" srcset=\"https:\/\/www.cm-evora.pt\/wp-content\/uploads\/2026\/03\/DSC_7054-scaled.jpg 2560w, https:\/\/www.cm-evora.pt\/wp-content\/uploads\/2026\/03\/DSC_7054-300x200.jpg 300w, https:\/\/www.cm-evora.pt\/wp-content\/uploads\/2026\/03\/DSC_7054-1024x683.jpg 1024w, https:\/\/www.cm-evora.pt\/wp-content\/uploads\/2026\/03\/DSC_7054-768x512.jpg 768w, https:\/\/www.cm-evora.pt\/wp-content\/uploads\/2026\/03\/DSC_7054-1536x1024.jpg 1536w, https:\/\/www.cm-evora.pt\/wp-content\/uploads\/2026\/03\/DSC_7054-2048x1365.jpg 2048w, https:\/\/www.cm-evora.pt\/wp-content\/uploads\/2026\/03\/DSC_7054-1320x880.jpg 1320w\" sizes=\"auto, (max-width: 2560px) 100vw, 2560px\" \/><\/a>\n\t\t\t<\/dt><\/dl><dl class='gallery-item'>\n\t\t\t<dt class='gallery-icon landscape'>\n\t\t\t\t<a href='https:\/\/www.cm-evora.pt\/wp-content\/uploads\/2026\/03\/DSC_7055-scaled.jpg'><img loading=\"lazy\" decoding=\"async\" width=\"2560\" height=\"1707\" src=\"https:\/\/www.cm-evora.pt\/wp-content\/uploads\/2026\/03\/DSC_7055-scaled.jpg\" class=\"attachment-full size-full\" alt=\"\" srcset=\"https:\/\/www.cm-evora.pt\/wp-content\/uploads\/2026\/03\/DSC_7055-scaled.jpg 2560w, https:\/\/www.cm-evora.pt\/wp-content\/uploads\/2026\/03\/DSC_7055-300x200.jpg 300w, https:\/\/www.cm-evora.pt\/wp-content\/uploads\/2026\/03\/DSC_7055-1024x683.jpg 1024w, https:\/\/www.cm-evora.pt\/wp-content\/uploads\/2026\/03\/DSC_7055-768x512.jpg 768w, https:\/\/www.cm-evora.pt\/wp-content\/uploads\/2026\/03\/DSC_7055-1536x1024.jpg 1536w, https:\/\/www.cm-evora.pt\/wp-content\/uploads\/2026\/03\/DSC_7055-2048x1365.jpg 2048w, https:\/\/www.cm-evora.pt\/wp-content\/uploads\/2026\/03\/DSC_7055-1320x880.jpg 1320w\" sizes=\"auto, (max-width: 2560px) 100vw, 2560px\" \/><\/a>\n\t\t\t<\/dt><\/dl><dl class='gallery-item'>\n\t\t\t<dt class='gallery-icon landscape'>\n\t\t\t\t<a href='https:\/\/www.cm-evora.pt\/wp-content\/uploads\/2026\/03\/DSC_7061-scaled.jpg'><img loading=\"lazy\" decoding=\"async\" width=\"2560\" height=\"1707\" src=\"https:\/\/www.cm-evora.pt\/wp-content\/uploads\/2026\/03\/DSC_7061-scaled.jpg\" class=\"attachment-full size-full\" alt=\"\" srcset=\"https:\/\/www.cm-evora.pt\/wp-content\/uploads\/2026\/03\/DSC_7061-scaled.jpg 2560w, https:\/\/www.cm-evora.pt\/wp-content\/uploads\/2026\/03\/DSC_7061-300x200.jpg 300w, https:\/\/www.cm-evora.pt\/wp-content\/uploads\/2026\/03\/DSC_7061-1024x683.jpg 1024w, https:\/\/www.cm-evora.pt\/wp-content\/uploads\/2026\/03\/DSC_7061-768x512.jpg 768w, https:\/\/www.cm-evora.pt\/wp-content\/uploads\/2026\/03\/DSC_7061-1536x1024.jpg 1536w, https:\/\/www.cm-evora.pt\/wp-content\/uploads\/2026\/03\/DSC_7061-2048x1365.jpg 2048w, https:\/\/www.cm-evora.pt\/wp-content\/uploads\/2026\/03\/DSC_7061-1320x880.jpg 1320w\" sizes=\"auto, (max-width: 2560px) 100vw, 2560px\" \/><\/a>\n\t\t\t<\/dt><\/dl><dl class='gallery-item'>\n\t\t\t<dt class='gallery-icon landscape'>\n\t\t\t\t<a href='https:\/\/www.cm-evora.pt\/wp-content\/uploads\/2026\/03\/DSC_7068-scaled.jpg'><img loading=\"lazy\" decoding=\"async\" width=\"2560\" height=\"1535\" src=\"https:\/\/www.cm-evora.pt\/wp-content\/uploads\/2026\/03\/DSC_7068-scaled.jpg\" class=\"attachment-full size-full\" alt=\"\" srcset=\"https:\/\/www.cm-evora.pt\/wp-content\/uploads\/2026\/03\/DSC_7068-scaled.jpg 2560w, https:\/\/www.cm-evora.pt\/wp-content\/uploads\/2026\/03\/DSC_7068-300x180.jpg 300w, https:\/\/www.cm-evora.pt\/wp-content\/uploads\/2026\/03\/DSC_7068-1024x614.jpg 1024w, https:\/\/www.cm-evora.pt\/wp-content\/uploads\/2026\/03\/DSC_7068-768x460.jpg 768w, https:\/\/www.cm-evora.pt\/wp-content\/uploads\/2026\/03\/DSC_7068-1536x921.jpg 1536w, https:\/\/www.cm-evora.pt\/wp-content\/uploads\/2026\/03\/DSC_7068-2048x1228.jpg 2048w, https:\/\/www.cm-evora.pt\/wp-content\/uploads\/2026\/03\/DSC_7068-1320x791.jpg 1320w\" sizes=\"auto, (max-width: 2560px) 100vw, 2560px\" \/><\/a>\n\t\t\t<\/dt><\/dl><br style=\"clear: both\" \/><dl class='gallery-item'>\n\t\t\t<dt class='gallery-icon landscape'>\n\t\t\t\t<a href='https:\/\/www.cm-evora.pt\/wp-content\/uploads\/2026\/03\/DSC_7071-scaled.jpg'><img loading=\"lazy\" decoding=\"async\" width=\"2560\" height=\"1707\" src=\"https:\/\/www.cm-evora.pt\/wp-content\/uploads\/2026\/03\/DSC_7071-scaled.jpg\" class=\"attachment-full size-full\" alt=\"\" srcset=\"https:\/\/www.cm-evora.pt\/wp-content\/uploads\/2026\/03\/DSC_7071-scaled.jpg 2560w, https:\/\/www.cm-evora.pt\/wp-content\/uploads\/2026\/03\/DSC_7071-300x200.jpg 300w, https:\/\/www.cm-evora.pt\/wp-content\/uploads\/2026\/03\/DSC_7071-1024x683.jpg 1024w, https:\/\/www.cm-evora.pt\/wp-content\/uploads\/2026\/03\/DSC_7071-768x512.jpg 768w, https:\/\/www.cm-evora.pt\/wp-content\/uploads\/2026\/03\/DSC_7071-1536x1024.jpg 1536w, https:\/\/www.cm-evora.pt\/wp-content\/uploads\/2026\/03\/DSC_7071-2048x1365.jpg 2048w, https:\/\/www.cm-evora.pt\/wp-content\/uploads\/2026\/03\/DSC_7071-1320x880.jpg 1320w\" sizes=\"auto, (max-width: 2560px) 100vw, 2560px\" \/><\/a>\n\t\t\t<\/dt><\/dl>\n\t\t\t<br style='clear: both' \/>\n\t\t<\/div>\n<\/p>","protected":false},"excerpt":{"rendered":"<p>Sorry, this entry is only available in Portugu\u00eas.Youth Fest acontece na Arena nos dias 05 e 06 de mar\u00e7o Mar\u00e7o \u00e9 o m\u00eas dedicado \u00e0 Juventude no concelho de \u00c9vora. A inaugura\u00e7\u00e3o oficial do evento decorreu ontem, 03 de mar\u00e7o, no Sal\u00e3o Nobre dos Pa\u00e7os do Concelho, antecedida pela reuni\u00e3o do Conselho Municipal da Juventude, [&hellip;]<\/p>\n","protected":false},"author":58,"featured_media":82090,"comment_status":"closed","ping_status":"closed","sticky":false,"template":"","format":"standard","meta":{"_acf_changed":false,"footnotes":""},"categories":[2110],"tags":[],"class_list":["post-82076","post","type-post","status-publish","format-standard","has-post-thumbnail","hentry","category-noticias"],"acf":{"imagens":"","destaq_image":82090,"titulo_docs_seccao":"","documentos":""},"_links":{"self":[{"href":"https:\/\/www.cm-evora.pt\/en\/wp-json\/wp\/v2\/posts\/82076","targetHints":{"allow":["GET"]}}],"collection":[{"href":"https:\/\/www.cm-evora.pt\/en\/wp-json\/wp\/v2\/posts"}],"about":[{"href":"https:\/\/www.cm-evora.pt\/en\/wp-json\/wp\/v2\/types\/post"}],"author":[{"embeddable":true,"href":"https:\/\/www.cm-evora.pt\/en\/wp-json\/wp\/v2\/users\/58"}],"replies":[{"embeddable":true,"href":"https:\/\/www.cm-evora.pt\/en\/wp-json\/wp\/v2\/comments?post=82076"}],"version-history":[{"count":2,"href":"https:\/\/www.cm-evora.pt\/en\/wp-json\/wp\/v2\/posts\/82076\/revisions"}],"predecessor-version":[{"id":82092,"href":"https:\/\/www.cm-evora.pt\/en\/wp-json\/wp\/v2\/posts\/82076\/revisions\/82092"}],"wp:featuredmedia":[{"embeddable":true,"href":"https:\/\/www.cm-evora.pt\/en\/wp-json\/wp\/v2\/media\/82090"}],"wp:attachment":[{"href":"https:\/\/www.cm-evora.pt\/en\/wp-json\/wp\/v2\/media?parent=82076"}],"wp:term":[{"taxonomy":"category","embeddable":true,"href":"https:\/\/www.cm-evora.pt\/en\/wp-json\/wp\/v2\/categories?post=82076"},{"taxonomy":"post_tag","embeddable":true,"href":"https:\/\/www.cm-evora.pt\/en\/wp-json\/wp\/v2\/tags?post=82076"}],"curies":[{"name":"wp","href":"https:\/\/api.w.org\/{rel}","templated":true}]}}