{"id":82671,"date":"2026-04-01T12:57:12","date_gmt":"2026-04-01T11:57:12","guid":{"rendered":"https:\/\/www.cm-evora.pt\/?p=82671"},"modified":"2026-04-01T12:57:12","modified_gmt":"2026-04-01T11:57:12","slug":"feira-do-livro-de-evora-apresentada-no-dia-08-de-abril","status":"publish","type":"post","link":"https:\/\/www.cm-evora.pt\/en\/feira-do-livro-de-evora-apresentada-no-dia-08-de-abril\/","title":{"rendered":"(Portugu\u00eas) FEIRA DO LIVRO DE \u00c9VORA APRESENTADA NO DIA 08 DE ABRIL"},"content":{"rendered":"<p class=\"qtranxs-available-languages-message qtranxs-available-languages-message-en\">Sorry, this entry is only available in <a href=\"https:\/\/www.cm-evora.pt\/pt\/wp-json\/wp\/v2\/posts\/82671\" class=\"qtranxs-available-language-link qtranxs-available-language-link-pt\" title=\"Portugu\u00eas\">Portugu\u00eas<\/a>.<\/p><p>EDI\u00c7\u00c3O DE 2026 REALIZA-SE 02 A 09 DE MAIO<\/p>\n<p><strong>A programa\u00e7\u00e3o da Feira do Livro de \u00c9vora 2026 vai ser apresentada no pr\u00f3ximo dia 8 de abril, quarta-feira, \u00e0s 11h00, no Sal\u00e3o Nobre dos Pa\u00e7os do Concelho. A C\u00e2mara Municipal de \u00c9vora convida a popula\u00e7\u00e3o a marcar presen\u00e7a na sess\u00e3o que contar\u00e1, entre outras, com interven\u00e7\u00f5es do Presidente do Munic\u00edpio, Carlos Zorrinho, e da vereadora Carmen Carvalheira.<\/strong><\/p>\n<p>A zona do Templo Romano de \u00c9vora mant\u00e9m-se como pano de fundo de um certame que promove encontros entre autores, escritores, livreiros e leitores. A caminho da Capital Europeia da Cultura e consolidando o papel da cidade como Capital Europeia ao Sul, esta edi\u00e7\u00e3o da Feira do Livro apresenta, como destaque, a passagem do Comboio Liter\u00e1rio, um evento de \u00e2mbito nacional que passar\u00e1 por \u00c9vora com um conjunto alargado de escritores, entre os quais Lu\u00edsa Sobral e Rodrigo Guedes de Carvalho.<\/p>\n<p>Outra novidade passa pela iniciativa \u201cO Livro da Minha Vida\u201d, projeto participativo que convida a popula\u00e7\u00e3o a partilhar as suas obras de refer\u00eancia, sendo os resultados apresentados durante a Feira do Livro. Ap\u00f3s a feira ser\u00e1 feito o lan\u00e7amento de uma publica\u00e7\u00e3o com entrevistas aos escritores e autores presentes no evento.<\/p>\n<p>Neste acontecimento liter\u00e1rio est\u00e1 confirmada a vinda de diversas institui\u00e7\u00f5es e livrarias independentes da Cidade e de outros pontos do Pa\u00eds. A C\u00e2mara Municipal de \u00c9vora, entidade organizadora, tem como parceiros a Biblioteca P\u00fablica de \u00c9vora, a Funda\u00e7\u00e3o Eug\u00e9nio de Almeida e o Museu Nacional Frei Manuel do Cen\u00e1culo.<\/p>\n<p>O programa estar\u00e1 dispon\u00edvel, em breve, em <a href=\"http:\/\/www.cm-evora.pt\">www.cm-evora.pt<\/a><\/p>\n<p>\n\t\t<style type=\"text\/css\">\n\t\t\t#gallery-1 {\n\t\t\t\tmargin: auto;\n\t\t\t}\n\t\t\t#gallery-1 .gallery-item {\n\t\t\t\tfloat: left;\n\t\t\t\tmargin-top: 10px;\n\t\t\t\ttext-align: center;\n\t\t\t\twidth: 100%;\n\t\t\t}\n\t\t\t#gallery-1 img {\n\t\t\t\tborder: 2px solid #cfcfcf;\n\t\t\t}\n\t\t\t#gallery-1 .gallery-caption {\n\t\t\t\tmargin-left: 0;\n\t\t\t}\n\t\t\t\/* see gallery_shortcode() in wp-includes\/media.php *\/\n\t\t<\/style>\n\t\t<div id='gallery-1' class='gallery galleryid-82671 gallery-columns-1 gallery-size-full'><dl class='gallery-item'>\n\t\t\t<dt class='gallery-icon portrait'>\n\t\t\t\t<a href='https:\/\/www.cm-evora.pt\/wp-content\/uploads\/2026\/04\/FLE_2026_jornal-scaled.jpg'><img loading=\"lazy\" decoding=\"async\" width=\"1862\" height=\"2560\" src=\"https:\/\/www.cm-evora.pt\/wp-content\/uploads\/2026\/04\/FLE_2026_jornal-scaled.jpg\" class=\"attachment-full size-full\" alt=\"\" srcset=\"https:\/\/www.cm-evora.pt\/wp-content\/uploads\/2026\/04\/FLE_2026_jornal-scaled.jpg 1862w, https:\/\/www.cm-evora.pt\/wp-content\/uploads\/2026\/04\/FLE_2026_jornal-218x300.jpg 218w, https:\/\/www.cm-evora.pt\/wp-content\/uploads\/2026\/04\/FLE_2026_jornal-745x1024.jpg 745w, https:\/\/www.cm-evora.pt\/wp-content\/uploads\/2026\/04\/FLE_2026_jornal-768x1056.jpg 768w, https:\/\/www.cm-evora.pt\/wp-content\/uploads\/2026\/04\/FLE_2026_jornal-1117x1536.jpg 1117w, https:\/\/www.cm-evora.pt\/wp-content\/uploads\/2026\/04\/FLE_2026_jornal-1490x2048.jpg 1490w, https:\/\/www.cm-evora.pt\/wp-content\/uploads\/2026\/04\/FLE_2026_jornal-1320x1815.jpg 1320w\" sizes=\"auto, (max-width: 1862px) 100vw, 1862px\" \/><\/a>\n\t\t\t<\/dt><\/dl><br style=\"clear: both\" \/>\n\t\t<\/div>\n<\/p>","protected":false},"excerpt":{"rendered":"<p>Sorry, this entry is only available in Portugu\u00eas.EDI\u00c7\u00c3O DE 2026 REALIZA-SE 02 A 09 DE MAIO A programa\u00e7\u00e3o da Feira do Livro de \u00c9vora 2026 vai ser apresentada no pr\u00f3ximo dia 8 de abril, quarta-feira, \u00e0s 11h00, no Sal\u00e3o Nobre dos Pa\u00e7os do Concelho. A C\u00e2mara Municipal de \u00c9vora convida a popula\u00e7\u00e3o a marcar presen\u00e7a [&hellip;]<\/p>\n","protected":false},"author":58,"featured_media":82672,"comment_status":"closed","ping_status":"closed","sticky":false,"template":"","format":"standard","meta":{"_acf_changed":false,"footnotes":""},"categories":[2110],"tags":[],"class_list":["post-82671","post","type-post","status-publish","format-standard","has-post-thumbnail","hentry","category-noticias"],"acf":{"imagens":"","destaq_image":82673,"titulo_docs_seccao":"","documentos":""},"_links":{"self":[{"href":"https:\/\/www.cm-evora.pt\/en\/wp-json\/wp\/v2\/posts\/82671","targetHints":{"allow":["GET"]}}],"collection":[{"href":"https:\/\/www.cm-evora.pt\/en\/wp-json\/wp\/v2\/posts"}],"about":[{"href":"https:\/\/www.cm-evora.pt\/en\/wp-json\/wp\/v2\/types\/post"}],"author":[{"embeddable":true,"href":"https:\/\/www.cm-evora.pt\/en\/wp-json\/wp\/v2\/users\/58"}],"replies":[{"embeddable":true,"href":"https:\/\/www.cm-evora.pt\/en\/wp-json\/wp\/v2\/comments?post=82671"}],"version-history":[{"count":1,"href":"https:\/\/www.cm-evora.pt\/en\/wp-json\/wp\/v2\/posts\/82671\/revisions"}],"predecessor-version":[{"id":82674,"href":"https:\/\/www.cm-evora.pt\/en\/wp-json\/wp\/v2\/posts\/82671\/revisions\/82674"}],"wp:featuredmedia":[{"embeddable":true,"href":"https:\/\/www.cm-evora.pt\/en\/wp-json\/wp\/v2\/media\/82672"}],"wp:attachment":[{"href":"https:\/\/www.cm-evora.pt\/en\/wp-json\/wp\/v2\/media?parent=82671"}],"wp:term":[{"taxonomy":"category","embeddable":true,"href":"https:\/\/www.cm-evora.pt\/en\/wp-json\/wp\/v2\/categories?post=82671"},{"taxonomy":"post_tag","embeddable":true,"href":"https:\/\/www.cm-evora.pt\/en\/wp-json\/wp\/v2\/tags?post=82671"}],"curies":[{"name":"wp","href":"https:\/\/api.w.org\/{rel}","templated":true}]}}