{"id":82675,"date":"2026-04-01T14:20:21","date_gmt":"2026-04-01T13:20:21","guid":{"rendered":"https:\/\/www.cm-evora.pt\/?p=82675"},"modified":"2026-04-01T14:20:21","modified_gmt":"2026-04-01T13:20:21","slug":"camara-de-evora-melhora-situacao-laboral-de-mais-trabalhadores","status":"publish","type":"post","link":"https:\/\/www.cm-evora.pt\/en\/camara-de-evora-melhora-situacao-laboral-de-mais-trabalhadores\/","title":{"rendered":"(Portugu\u00eas) C\u00e2mara de \u00c9vora melhora situa\u00e7\u00e3o laboral de mais trabalhadores"},"content":{"rendered":"<p class=\"qtranxs-available-languages-message qtranxs-available-languages-message-en\">Sorry, this entry is only available in <a href=\"https:\/\/www.cm-evora.pt\/pt\/wp-json\/wp\/v2\/posts\/82675\" class=\"qtranxs-available-language-link qtranxs-available-language-link-pt\" title=\"Portugu\u00eas\">Portugu\u00eas<\/a>.<\/p><p>Mais 15 funcion\u00e1rios da C\u00e2mara Municipal de \u00c9vora assinaram hoje (1 de abril de 2026) contratos de consolida\u00e7\u00e3o de mobilidade. O ato de assinatura decorreu no Gabinete do Presidente e contou com a participa\u00e7\u00e3o, al\u00e9m de Carlos Zorrinho, dos Vereadores Jer\u00f3nimo Jos\u00e9 e Carmen Carvalheira.<\/p>\n<p>\u201cOs trabalhadores da CME s\u00e3o a minha equipa. Uma equipa para servir os cidad\u00e3os\u201d, afirmou o Presidente Carlos Zorrinho, expressando a sua satisfa\u00e7\u00e3o por este momento e salientando tamb\u00e9m o trabalho feito para criar as melhores condi\u00e7\u00f5es aos trabalhadores, \u201cpor forma a que todos tenham orgulho em trabalhar nesta Autarquia e que as pessoas l\u00e1 fora sintam a C\u00e2mara Municipal como parte da solu\u00e7\u00e3o\u201d.<\/p>\n<p>Os Vereadores agradeceram tamb\u00e9m aos trabalhadores \u201co compromisso destes com a popula\u00e7\u00e3o\u201d, relembrando que est\u00e3o conscientes que para estes desempenharem com \u00eaxito as suas fun\u00e7\u00f5es l\u00e1 fora, precisam estar bem dentro dos respetivos servi\u00e7os, no \u00e2mbito do qual se enquadram as assinaturas de contratos hoje concretizadas.<\/p>\n<p>\n\t\t<style type=\"text\/css\">\n\t\t\t#gallery-1 {\n\t\t\t\tmargin: auto;\n\t\t\t}\n\t\t\t#gallery-1 .gallery-item {\n\t\t\t\tfloat: left;\n\t\t\t\tmargin-top: 10px;\n\t\t\t\ttext-align: center;\n\t\t\t\twidth: 20%;\n\t\t\t}\n\t\t\t#gallery-1 img {\n\t\t\t\tborder: 2px solid #cfcfcf;\n\t\t\t}\n\t\t\t#gallery-1 .gallery-caption {\n\t\t\t\tmargin-left: 0;\n\t\t\t}\n\t\t\t\/* see gallery_shortcode() in wp-includes\/media.php *\/\n\t\t<\/style>\n\t\t<div id='gallery-1' class='gallery galleryid-82675 gallery-columns-5 gallery-size-full'><dl class='gallery-item'>\n\t\t\t<dt class='gallery-icon landscape'>\n\t\t\t\t<a href='https:\/\/www.cm-evora.pt\/wp-content\/uploads\/2026\/04\/DSC_0690.jpg'><img loading=\"lazy\" decoding=\"async\" width=\"2048\" height=\"1365\" src=\"https:\/\/www.cm-evora.pt\/wp-content\/uploads\/2026\/04\/DSC_0690.jpg\" class=\"attachment-full size-full\" alt=\"\" srcset=\"https:\/\/www.cm-evora.pt\/wp-content\/uploads\/2026\/04\/DSC_0690.jpg 2048w, https:\/\/www.cm-evora.pt\/wp-content\/uploads\/2026\/04\/DSC_0690-300x200.jpg 300w, https:\/\/www.cm-evora.pt\/wp-content\/uploads\/2026\/04\/DSC_0690-1024x683.jpg 1024w, https:\/\/www.cm-evora.pt\/wp-content\/uploads\/2026\/04\/DSC_0690-768x512.jpg 768w, https:\/\/www.cm-evora.pt\/wp-content\/uploads\/2026\/04\/DSC_0690-1536x1024.jpg 1536w, https:\/\/www.cm-evora.pt\/wp-content\/uploads\/2026\/04\/DSC_0690-1320x880.jpg 1320w\" sizes=\"auto, (max-width: 2048px) 100vw, 2048px\" \/><\/a>\n\t\t\t<\/dt><\/dl><dl class='gallery-item'>\n\t\t\t<dt class='gallery-icon landscape'>\n\t\t\t\t<a href='https:\/\/www.cm-evora.pt\/wp-content\/uploads\/2026\/04\/DSC_0698.jpg'><img loading=\"lazy\" decoding=\"async\" width=\"2048\" height=\"1591\" src=\"https:\/\/www.cm-evora.pt\/wp-content\/uploads\/2026\/04\/DSC_0698.jpg\" class=\"attachment-full size-full\" alt=\"\" srcset=\"https:\/\/www.cm-evora.pt\/wp-content\/uploads\/2026\/04\/DSC_0698.jpg 2048w, https:\/\/www.cm-evora.pt\/wp-content\/uploads\/2026\/04\/DSC_0698-300x233.jpg 300w, https:\/\/www.cm-evora.pt\/wp-content\/uploads\/2026\/04\/DSC_0698-1024x796.jpg 1024w, https:\/\/www.cm-evora.pt\/wp-content\/uploads\/2026\/04\/DSC_0698-768x597.jpg 768w, https:\/\/www.cm-evora.pt\/wp-content\/uploads\/2026\/04\/DSC_0698-1536x1193.jpg 1536w, https:\/\/www.cm-evora.pt\/wp-content\/uploads\/2026\/04\/DSC_0698-1320x1025.jpg 1320w\" sizes=\"auto, (max-width: 2048px) 100vw, 2048px\" \/><\/a>\n\t\t\t<\/dt><\/dl><dl class='gallery-item'>\n\t\t\t<dt class='gallery-icon landscape'>\n\t\t\t\t<a href='https:\/\/www.cm-evora.pt\/wp-content\/uploads\/2026\/04\/DSC_0705.jpg'><img loading=\"lazy\" decoding=\"async\" width=\"2048\" height=\"1707\" src=\"https:\/\/www.cm-evora.pt\/wp-content\/uploads\/2026\/04\/DSC_0705.jpg\" class=\"attachment-full size-full\" alt=\"\" srcset=\"https:\/\/www.cm-evora.pt\/wp-content\/uploads\/2026\/04\/DSC_0705.jpg 2048w, https:\/\/www.cm-evora.pt\/wp-content\/uploads\/2026\/04\/DSC_0705-300x250.jpg 300w, https:\/\/www.cm-evora.pt\/wp-content\/uploads\/2026\/04\/DSC_0705-1024x854.jpg 1024w, https:\/\/www.cm-evora.pt\/wp-content\/uploads\/2026\/04\/DSC_0705-768x640.jpg 768w, https:\/\/www.cm-evora.pt\/wp-content\/uploads\/2026\/04\/DSC_0705-1536x1280.jpg 1536w, https:\/\/www.cm-evora.pt\/wp-content\/uploads\/2026\/04\/DSC_0705-1320x1100.jpg 1320w\" sizes=\"auto, (max-width: 2048px) 100vw, 2048px\" \/><\/a>\n\t\t\t<\/dt><\/dl><dl class='gallery-item'>\n\t\t\t<dt class='gallery-icon landscape'>\n\t\t\t\t<a href='https:\/\/www.cm-evora.pt\/wp-content\/uploads\/2026\/04\/DSC_0709.jpg'><img loading=\"lazy\" decoding=\"async\" width=\"2048\" height=\"1643\" src=\"https:\/\/www.cm-evora.pt\/wp-content\/uploads\/2026\/04\/DSC_0709.jpg\" class=\"attachment-full size-full\" alt=\"\" srcset=\"https:\/\/www.cm-evora.pt\/wp-content\/uploads\/2026\/04\/DSC_0709.jpg 2048w, https:\/\/www.cm-evora.pt\/wp-content\/uploads\/2026\/04\/DSC_0709-300x241.jpg 300w, https:\/\/www.cm-evora.pt\/wp-content\/uploads\/2026\/04\/DSC_0709-1024x822.jpg 1024w, https:\/\/www.cm-evora.pt\/wp-content\/uploads\/2026\/04\/DSC_0709-768x616.jpg 768w, https:\/\/www.cm-evora.pt\/wp-content\/uploads\/2026\/04\/DSC_0709-1536x1232.jpg 1536w, https:\/\/www.cm-evora.pt\/wp-content\/uploads\/2026\/04\/DSC_0709-1320x1059.jpg 1320w\" sizes=\"auto, (max-width: 2048px) 100vw, 2048px\" \/><\/a>\n\t\t\t<\/dt><\/dl><dl class='gallery-item'>\n\t\t\t<dt class='gallery-icon landscape'>\n\t\t\t\t<a href='https:\/\/www.cm-evora.pt\/wp-content\/uploads\/2026\/04\/DSC_0710.jpg'><img loading=\"lazy\" decoding=\"async\" width=\"2048\" height=\"1809\" src=\"https:\/\/www.cm-evora.pt\/wp-content\/uploads\/2026\/04\/DSC_0710.jpg\" class=\"attachment-full size-full\" alt=\"\" srcset=\"https:\/\/www.cm-evora.pt\/wp-content\/uploads\/2026\/04\/DSC_0710.jpg 2048w, https:\/\/www.cm-evora.pt\/wp-content\/uploads\/2026\/04\/DSC_0710-300x265.jpg 300w, https:\/\/www.cm-evora.pt\/wp-content\/uploads\/2026\/04\/DSC_0710-1024x905.jpg 1024w, https:\/\/www.cm-evora.pt\/wp-content\/uploads\/2026\/04\/DSC_0710-768x678.jpg 768w, https:\/\/www.cm-evora.pt\/wp-content\/uploads\/2026\/04\/DSC_0710-1536x1357.jpg 1536w, https:\/\/www.cm-evora.pt\/wp-content\/uploads\/2026\/04\/DSC_0710-1320x1166.jpg 1320w\" sizes=\"auto, (max-width: 2048px) 100vw, 2048px\" \/><\/a>\n\t\t\t<\/dt><\/dl><br style=\"clear: both\" \/><dl class='gallery-item'>\n\t\t\t<dt class='gallery-icon landscape'>\n\t\t\t\t<a href='https:\/\/www.cm-evora.pt\/wp-content\/uploads\/2026\/04\/DSC_0713.jpg'><img loading=\"lazy\" decoding=\"async\" width=\"2048\" height=\"1604\" src=\"https:\/\/www.cm-evora.pt\/wp-content\/uploads\/2026\/04\/DSC_0713.jpg\" class=\"attachment-full size-full\" alt=\"\" srcset=\"https:\/\/www.cm-evora.pt\/wp-content\/uploads\/2026\/04\/DSC_0713.jpg 2048w, https:\/\/www.cm-evora.pt\/wp-content\/uploads\/2026\/04\/DSC_0713-300x235.jpg 300w, https:\/\/www.cm-evora.pt\/wp-content\/uploads\/2026\/04\/DSC_0713-1024x802.jpg 1024w, https:\/\/www.cm-evora.pt\/wp-content\/uploads\/2026\/04\/DSC_0713-768x602.jpg 768w, https:\/\/www.cm-evora.pt\/wp-content\/uploads\/2026\/04\/DSC_0713-1536x1203.jpg 1536w, https:\/\/www.cm-evora.pt\/wp-content\/uploads\/2026\/04\/DSC_0713-1320x1034.jpg 1320w\" sizes=\"auto, (max-width: 2048px) 100vw, 2048px\" \/><\/a>\n\t\t\t<\/dt><\/dl><dl class='gallery-item'>\n\t\t\t<dt class='gallery-icon landscape'>\n\t\t\t\t<a href='https:\/\/www.cm-evora.pt\/wp-content\/uploads\/2026\/04\/DSC_0714.jpg'><img loading=\"lazy\" decoding=\"async\" width=\"2048\" height=\"1697\" src=\"https:\/\/www.cm-evora.pt\/wp-content\/uploads\/2026\/04\/DSC_0714.jpg\" class=\"attachment-full size-full\" alt=\"\" srcset=\"https:\/\/www.cm-evora.pt\/wp-content\/uploads\/2026\/04\/DSC_0714.jpg 2048w, https:\/\/www.cm-evora.pt\/wp-content\/uploads\/2026\/04\/DSC_0714-300x249.jpg 300w, https:\/\/www.cm-evora.pt\/wp-content\/uploads\/2026\/04\/DSC_0714-1024x849.jpg 1024w, https:\/\/www.cm-evora.pt\/wp-content\/uploads\/2026\/04\/DSC_0714-768x636.jpg 768w, https:\/\/www.cm-evora.pt\/wp-content\/uploads\/2026\/04\/DSC_0714-1536x1273.jpg 1536w, https:\/\/www.cm-evora.pt\/wp-content\/uploads\/2026\/04\/DSC_0714-1320x1094.jpg 1320w\" sizes=\"auto, (max-width: 2048px) 100vw, 2048px\" \/><\/a>\n\t\t\t<\/dt><\/dl><dl class='gallery-item'>\n\t\t\t<dt class='gallery-icon landscape'>\n\t\t\t\t<a href='https:\/\/www.cm-evora.pt\/wp-content\/uploads\/2026\/04\/DSC_0715.jpg'><img loading=\"lazy\" decoding=\"async\" width=\"2048\" height=\"1631\" src=\"https:\/\/www.cm-evora.pt\/wp-content\/uploads\/2026\/04\/DSC_0715.jpg\" class=\"attachment-full size-full\" alt=\"\" srcset=\"https:\/\/www.cm-evora.pt\/wp-content\/uploads\/2026\/04\/DSC_0715.jpg 2048w, https:\/\/www.cm-evora.pt\/wp-content\/uploads\/2026\/04\/DSC_0715-300x239.jpg 300w, https:\/\/www.cm-evora.pt\/wp-content\/uploads\/2026\/04\/DSC_0715-1024x816.jpg 1024w, https:\/\/www.cm-evora.pt\/wp-content\/uploads\/2026\/04\/DSC_0715-768x612.jpg 768w, https:\/\/www.cm-evora.pt\/wp-content\/uploads\/2026\/04\/DSC_0715-1536x1223.jpg 1536w, https:\/\/www.cm-evora.pt\/wp-content\/uploads\/2026\/04\/DSC_0715-1320x1051.jpg 1320w\" sizes=\"auto, (max-width: 2048px) 100vw, 2048px\" \/><\/a>\n\t\t\t<\/dt><\/dl><dl class='gallery-item'>\n\t\t\t<dt class='gallery-icon landscape'>\n\t\t\t\t<a href='https:\/\/www.cm-evora.pt\/wp-content\/uploads\/2026\/04\/DSC_0716.jpg'><img loading=\"lazy\" decoding=\"async\" width=\"2048\" height=\"1805\" src=\"https:\/\/www.cm-evora.pt\/wp-content\/uploads\/2026\/04\/DSC_0716.jpg\" class=\"attachment-full size-full\" alt=\"\" srcset=\"https:\/\/www.cm-evora.pt\/wp-content\/uploads\/2026\/04\/DSC_0716.jpg 2048w, https:\/\/www.cm-evora.pt\/wp-content\/uploads\/2026\/04\/DSC_0716-300x264.jpg 300w, https:\/\/www.cm-evora.pt\/wp-content\/uploads\/2026\/04\/DSC_0716-1024x903.jpg 1024w, https:\/\/www.cm-evora.pt\/wp-content\/uploads\/2026\/04\/DSC_0716-768x677.jpg 768w, https:\/\/www.cm-evora.pt\/wp-content\/uploads\/2026\/04\/DSC_0716-1536x1354.jpg 1536w, https:\/\/www.cm-evora.pt\/wp-content\/uploads\/2026\/04\/DSC_0716-1320x1163.jpg 1320w\" sizes=\"auto, (max-width: 2048px) 100vw, 2048px\" \/><\/a>\n\t\t\t<\/dt><\/dl><dl class='gallery-item'>\n\t\t\t<dt class='gallery-icon landscape'>\n\t\t\t\t<a href='https:\/\/www.cm-evora.pt\/wp-content\/uploads\/2026\/04\/DSC_0719.jpg'><img loading=\"lazy\" decoding=\"async\" width=\"2048\" height=\"1615\" src=\"https:\/\/www.cm-evora.pt\/wp-content\/uploads\/2026\/04\/DSC_0719.jpg\" class=\"attachment-full size-full\" alt=\"\" srcset=\"https:\/\/www.cm-evora.pt\/wp-content\/uploads\/2026\/04\/DSC_0719.jpg 2048w, https:\/\/www.cm-evora.pt\/wp-content\/uploads\/2026\/04\/DSC_0719-300x237.jpg 300w, https:\/\/www.cm-evora.pt\/wp-content\/uploads\/2026\/04\/DSC_0719-1024x808.jpg 1024w, https:\/\/www.cm-evora.pt\/wp-content\/uploads\/2026\/04\/DSC_0719-768x606.jpg 768w, https:\/\/www.cm-evora.pt\/wp-content\/uploads\/2026\/04\/DSC_0719-1536x1211.jpg 1536w, https:\/\/www.cm-evora.pt\/wp-content\/uploads\/2026\/04\/DSC_0719-1320x1041.jpg 1320w\" sizes=\"auto, (max-width: 2048px) 100vw, 2048px\" \/><\/a>\n\t\t\t<\/dt><\/dl><br style=\"clear: both\" \/><dl class='gallery-item'>\n\t\t\t<dt class='gallery-icon portrait'>\n\t\t\t\t<a href='https:\/\/www.cm-evora.pt\/wp-content\/uploads\/2026\/04\/DSC_0721.jpg'><img loading=\"lazy\" decoding=\"async\" width=\"2045\" height=\"2048\" src=\"https:\/\/www.cm-evora.pt\/wp-content\/uploads\/2026\/04\/DSC_0721.jpg\" class=\"attachment-full size-full\" alt=\"\" srcset=\"https:\/\/www.cm-evora.pt\/wp-content\/uploads\/2026\/04\/DSC_0721.jpg 2045w, https:\/\/www.cm-evora.pt\/wp-content\/uploads\/2026\/04\/DSC_0721-300x300.jpg 300w, https:\/\/www.cm-evora.pt\/wp-content\/uploads\/2026\/04\/DSC_0721-150x150.jpg 150w, https:\/\/www.cm-evora.pt\/wp-content\/uploads\/2026\/04\/DSC_0721-768x769.jpg 768w, https:\/\/www.cm-evora.pt\/wp-content\/uploads\/2026\/04\/DSC_0721-1534x1536.jpg 1534w, https:\/\/www.cm-evora.pt\/wp-content\/uploads\/2026\/04\/DSC_0721-1320x1322.jpg 1320w\" sizes=\"auto, (max-width: 2045px) 100vw, 2045px\" \/><\/a>\n\t\t\t<\/dt><\/dl><dl class='gallery-item'>\n\t\t\t<dt class='gallery-icon landscape'>\n\t\t\t\t<a href='https:\/\/www.cm-evora.pt\/wp-content\/uploads\/2026\/04\/DSC_0723.jpg'><img loading=\"lazy\" decoding=\"async\" width=\"2048\" height=\"1696\" src=\"https:\/\/www.cm-evora.pt\/wp-content\/uploads\/2026\/04\/DSC_0723.jpg\" class=\"attachment-full size-full\" alt=\"\" srcset=\"https:\/\/www.cm-evora.pt\/wp-content\/uploads\/2026\/04\/DSC_0723.jpg 2048w, https:\/\/www.cm-evora.pt\/wp-content\/uploads\/2026\/04\/DSC_0723-300x248.jpg 300w, https:\/\/www.cm-evora.pt\/wp-content\/uploads\/2026\/04\/DSC_0723-1024x848.jpg 1024w, https:\/\/www.cm-evora.pt\/wp-content\/uploads\/2026\/04\/DSC_0723-768x636.jpg 768w, https:\/\/www.cm-evora.pt\/wp-content\/uploads\/2026\/04\/DSC_0723-1536x1272.jpg 1536w, https:\/\/www.cm-evora.pt\/wp-content\/uploads\/2026\/04\/DSC_0723-1320x1093.jpg 1320w\" sizes=\"auto, (max-width: 2048px) 100vw, 2048px\" \/><\/a>\n\t\t\t<\/dt><\/dl><dl class='gallery-item'>\n\t\t\t<dt class='gallery-icon portrait'>\n\t\t\t\t<a href='https:\/\/www.cm-evora.pt\/wp-content\/uploads\/2026\/04\/DSC_0724.jpg'><img loading=\"lazy\" decoding=\"async\" width=\"1991\" height=\"2048\" src=\"https:\/\/www.cm-evora.pt\/wp-content\/uploads\/2026\/04\/DSC_0724.jpg\" class=\"attachment-full size-full\" alt=\"\" srcset=\"https:\/\/www.cm-evora.pt\/wp-content\/uploads\/2026\/04\/DSC_0724.jpg 1991w, https:\/\/www.cm-evora.pt\/wp-content\/uploads\/2026\/04\/DSC_0724-292x300.jpg 292w, https:\/\/www.cm-evora.pt\/wp-content\/uploads\/2026\/04\/DSC_0724-996x1024.jpg 996w, https:\/\/www.cm-evora.pt\/wp-content\/uploads\/2026\/04\/DSC_0724-768x790.jpg 768w, https:\/\/www.cm-evora.pt\/wp-content\/uploads\/2026\/04\/DSC_0724-1493x1536.jpg 1493w, https:\/\/www.cm-evora.pt\/wp-content\/uploads\/2026\/04\/DSC_0724-1320x1358.jpg 1320w\" sizes=\"auto, (max-width: 1991px) 100vw, 1991px\" \/><\/a>\n\t\t\t<\/dt><\/dl><dl class='gallery-item'>\n\t\t\t<dt class='gallery-icon portrait'>\n\t\t\t\t<a href='https:\/\/www.cm-evora.pt\/wp-content\/uploads\/2026\/04\/DSC_0727.jpg'><img loading=\"lazy\" decoding=\"async\" width=\"2024\" height=\"2048\" src=\"https:\/\/www.cm-evora.pt\/wp-content\/uploads\/2026\/04\/DSC_0727.jpg\" class=\"attachment-full size-full\" alt=\"\" srcset=\"https:\/\/www.cm-evora.pt\/wp-content\/uploads\/2026\/04\/DSC_0727.jpg 2024w, https:\/\/www.cm-evora.pt\/wp-content\/uploads\/2026\/04\/DSC_0727-296x300.jpg 296w, https:\/\/www.cm-evora.pt\/wp-content\/uploads\/2026\/04\/DSC_0727-1012x1024.jpg 1012w, https:\/\/www.cm-evora.pt\/wp-content\/uploads\/2026\/04\/DSC_0727-768x777.jpg 768w, https:\/\/www.cm-evora.pt\/wp-content\/uploads\/2026\/04\/DSC_0727-1518x1536.jpg 1518w, https:\/\/www.cm-evora.pt\/wp-content\/uploads\/2026\/04\/DSC_0727-1320x1336.jpg 1320w\" sizes=\"auto, (max-width: 2024px) 100vw, 2024px\" \/><\/a>\n\t\t\t<\/dt><\/dl><dl class='gallery-item'>\n\t\t\t<dt class='gallery-icon landscape'>\n\t\t\t\t<a href='https:\/\/www.cm-evora.pt\/wp-content\/uploads\/2026\/04\/DSC_0729.jpg'><img loading=\"lazy\" decoding=\"async\" width=\"2048\" height=\"1811\" src=\"https:\/\/www.cm-evora.pt\/wp-content\/uploads\/2026\/04\/DSC_0729.jpg\" class=\"attachment-full size-full\" alt=\"\" srcset=\"https:\/\/www.cm-evora.pt\/wp-content\/uploads\/2026\/04\/DSC_0729.jpg 2048w, https:\/\/www.cm-evora.pt\/wp-content\/uploads\/2026\/04\/DSC_0729-300x265.jpg 300w, https:\/\/www.cm-evora.pt\/wp-content\/uploads\/2026\/04\/DSC_0729-1024x906.jpg 1024w, https:\/\/www.cm-evora.pt\/wp-content\/uploads\/2026\/04\/DSC_0729-768x679.jpg 768w, https:\/\/www.cm-evora.pt\/wp-content\/uploads\/2026\/04\/DSC_0729-1536x1358.jpg 1536w, https:\/\/www.cm-evora.pt\/wp-content\/uploads\/2026\/04\/DSC_0729-1320x1167.jpg 1320w\" sizes=\"auto, (max-width: 2048px) 100vw, 2048px\" \/><\/a>\n\t\t\t<\/dt><\/dl><br style=\"clear: both\" \/><dl class='gallery-item'>\n\t\t\t<dt class='gallery-icon landscape'>\n\t\t\t\t<a href='https:\/\/www.cm-evora.pt\/wp-content\/uploads\/2026\/04\/DSC_0731.jpg'><img loading=\"lazy\" decoding=\"async\" width=\"2048\" height=\"1958\" src=\"https:\/\/www.cm-evora.pt\/wp-content\/uploads\/2026\/04\/DSC_0731.jpg\" class=\"attachment-full size-full\" alt=\"\" srcset=\"https:\/\/www.cm-evora.pt\/wp-content\/uploads\/2026\/04\/DSC_0731.jpg 2048w, https:\/\/www.cm-evora.pt\/wp-content\/uploads\/2026\/04\/DSC_0731-300x287.jpg 300w, https:\/\/www.cm-evora.pt\/wp-content\/uploads\/2026\/04\/DSC_0731-1024x979.jpg 1024w, https:\/\/www.cm-evora.pt\/wp-content\/uploads\/2026\/04\/DSC_0731-768x734.jpg 768w, https:\/\/www.cm-evora.pt\/wp-content\/uploads\/2026\/04\/DSC_0731-1536x1469.jpg 1536w, https:\/\/www.cm-evora.pt\/wp-content\/uploads\/2026\/04\/DSC_0731-1320x1262.jpg 1320w\" sizes=\"auto, (max-width: 2048px) 100vw, 2048px\" \/><\/a>\n\t\t\t<\/dt><\/dl><dl class='gallery-item'>\n\t\t\t<dt class='gallery-icon landscape'>\n\t\t\t\t<a href='https:\/\/www.cm-evora.pt\/wp-content\/uploads\/2026\/04\/DSC_0732.jpg'><img loading=\"lazy\" decoding=\"async\" width=\"2048\" height=\"2045\" src=\"https:\/\/www.cm-evora.pt\/wp-content\/uploads\/2026\/04\/DSC_0732.jpg\" class=\"attachment-full size-full\" alt=\"\" srcset=\"https:\/\/www.cm-evora.pt\/wp-content\/uploads\/2026\/04\/DSC_0732.jpg 2048w, https:\/\/www.cm-evora.pt\/wp-content\/uploads\/2026\/04\/DSC_0732-300x300.jpg 300w, https:\/\/www.cm-evora.pt\/wp-content\/uploads\/2026\/04\/DSC_0732-1024x1024.jpg 1024w, https:\/\/www.cm-evora.pt\/wp-content\/uploads\/2026\/04\/DSC_0732-150x150.jpg 150w, https:\/\/www.cm-evora.pt\/wp-content\/uploads\/2026\/04\/DSC_0732-768x767.jpg 768w, https:\/\/www.cm-evora.pt\/wp-content\/uploads\/2026\/04\/DSC_0732-1536x1534.jpg 1536w, https:\/\/www.cm-evora.pt\/wp-content\/uploads\/2026\/04\/DSC_0732-1320x1318.jpg 1320w\" sizes=\"auto, (max-width: 2048px) 100vw, 2048px\" \/><\/a>\n\t\t\t<\/dt><\/dl><dl class='gallery-item'>\n\t\t\t<dt class='gallery-icon landscape'>\n\t\t\t\t<a href='https:\/\/www.cm-evora.pt\/wp-content\/uploads\/2026\/04\/DSC_0734.jpg'><img loading=\"lazy\" decoding=\"async\" width=\"2048\" height=\"1798\" src=\"https:\/\/www.cm-evora.pt\/wp-content\/uploads\/2026\/04\/DSC_0734.jpg\" class=\"attachment-full size-full\" alt=\"\" srcset=\"https:\/\/www.cm-evora.pt\/wp-content\/uploads\/2026\/04\/DSC_0734.jpg 2048w, https:\/\/www.cm-evora.pt\/wp-content\/uploads\/2026\/04\/DSC_0734-300x263.jpg 300w, https:\/\/www.cm-evora.pt\/wp-content\/uploads\/2026\/04\/DSC_0734-1024x899.jpg 1024w, https:\/\/www.cm-evora.pt\/wp-content\/uploads\/2026\/04\/DSC_0734-768x674.jpg 768w, https:\/\/www.cm-evora.pt\/wp-content\/uploads\/2026\/04\/DSC_0734-1536x1349.jpg 1536w, https:\/\/www.cm-evora.pt\/wp-content\/uploads\/2026\/04\/DSC_0734-1320x1159.jpg 1320w\" sizes=\"auto, (max-width: 2048px) 100vw, 2048px\" \/><\/a>\n\t\t\t<\/dt><\/dl><dl class='gallery-item'>\n\t\t\t<dt class='gallery-icon landscape'>\n\t\t\t\t<a href='https:\/\/www.cm-evora.pt\/wp-content\/uploads\/2026\/04\/DSC_0738.jpg'><img loading=\"lazy\" decoding=\"async\" width=\"2048\" height=\"978\" src=\"https:\/\/www.cm-evora.pt\/wp-content\/uploads\/2026\/04\/DSC_0738.jpg\" class=\"attachment-full size-full\" alt=\"\" srcset=\"https:\/\/www.cm-evora.pt\/wp-content\/uploads\/2026\/04\/DSC_0738.jpg 2048w, https:\/\/www.cm-evora.pt\/wp-content\/uploads\/2026\/04\/DSC_0738-300x143.jpg 300w, https:\/\/www.cm-evora.pt\/wp-content\/uploads\/2026\/04\/DSC_0738-1024x489.jpg 1024w, https:\/\/www.cm-evora.pt\/wp-content\/uploads\/2026\/04\/DSC_0738-768x367.jpg 768w, https:\/\/www.cm-evora.pt\/wp-content\/uploads\/2026\/04\/DSC_0738-1536x734.jpg 1536w, https:\/\/www.cm-evora.pt\/wp-content\/uploads\/2026\/04\/DSC_0738-1320x630.jpg 1320w\" sizes=\"auto, (max-width: 2048px) 100vw, 2048px\" \/><\/a>\n\t\t\t<\/dt><\/dl>\n\t\t\t<br style='clear: both' \/>\n\t\t<\/div>\n<\/p>","protected":false},"excerpt":{"rendered":"<p>Sorry, this entry is only available in Portugu\u00eas.Mais 15 funcion\u00e1rios da C\u00e2mara Municipal de \u00c9vora assinaram hoje (1 de abril de 2026) contratos de consolida\u00e7\u00e3o de mobilidade. O ato de assinatura decorreu no Gabinete do Presidente e contou com a participa\u00e7\u00e3o, al\u00e9m de Carlos Zorrinho, dos Vereadores Jer\u00f3nimo Jos\u00e9 e Carmen Carvalheira. \u201cOs trabalhadores da [&hellip;]<\/p>\n","protected":false},"author":81,"featured_media":82694,"comment_status":"closed","ping_status":"closed","sticky":false,"template":"","format":"standard","meta":{"_acf_changed":false,"footnotes":""},"categories":[2110],"tags":[],"class_list":["post-82675","post","type-post","status-publish","format-standard","has-post-thumbnail","hentry","category-noticias"],"acf":{"imagens":"","destaq_image":82696,"titulo_docs_seccao":"","documentos":""},"_links":{"self":[{"href":"https:\/\/www.cm-evora.pt\/en\/wp-json\/wp\/v2\/posts\/82675","targetHints":{"allow":["GET"]}}],"collection":[{"href":"https:\/\/www.cm-evora.pt\/en\/wp-json\/wp\/v2\/posts"}],"about":[{"href":"https:\/\/www.cm-evora.pt\/en\/wp-json\/wp\/v2\/types\/post"}],"author":[{"embeddable":true,"href":"https:\/\/www.cm-evora.pt\/en\/wp-json\/wp\/v2\/users\/81"}],"replies":[{"embeddable":true,"href":"https:\/\/www.cm-evora.pt\/en\/wp-json\/wp\/v2\/comments?post=82675"}],"version-history":[{"count":1,"href":"https:\/\/www.cm-evora.pt\/en\/wp-json\/wp\/v2\/posts\/82675\/revisions"}],"predecessor-version":[{"id":82697,"href":"https:\/\/www.cm-evora.pt\/en\/wp-json\/wp\/v2\/posts\/82675\/revisions\/82697"}],"wp:featuredmedia":[{"embeddable":true,"href":"https:\/\/www.cm-evora.pt\/en\/wp-json\/wp\/v2\/media\/82694"}],"wp:attachment":[{"href":"https:\/\/www.cm-evora.pt\/en\/wp-json\/wp\/v2\/media?parent=82675"}],"wp:term":[{"taxonomy":"category","embeddable":true,"href":"https:\/\/www.cm-evora.pt\/en\/wp-json\/wp\/v2\/categories?post=82675"},{"taxonomy":"post_tag","embeddable":true,"href":"https:\/\/www.cm-evora.pt\/en\/wp-json\/wp\/v2\/tags?post=82675"}],"curies":[{"name":"wp","href":"https:\/\/api.w.org\/{rel}","templated":true}]}}