{"id":82705,"date":"2026-04-02T10:21:53","date_gmt":"2026-04-02T09:21:53","guid":{"rendered":"https:\/\/www.cm-evora.pt\/?p=82705"},"modified":"2026-04-02T10:23:20","modified_gmt":"2026-04-02T09:23:20","slug":"bandidos-do-cante-abrem-gala-dos-sois-repsol-em-evora","status":"publish","type":"post","link":"https:\/\/www.cm-evora.pt\/en\/bandidos-do-cante-abrem-gala-dos-sois-repsol-em-evora\/","title":{"rendered":"(Portugu\u00eas) Bandidos do Cante \u201cabrem\u201d Gala dos S\u00f3is Repsol em \u00c9vora"},"content":{"rendered":"<p class=\"qtranxs-available-languages-message qtranxs-available-languages-message-en\">Sorry, this entry is only available in <a href=\"https:\/\/www.cm-evora.pt\/pt\/wp-json\/wp\/v2\/posts\/82705\" class=\"qtranxs-available-language-link qtranxs-available-language-link-pt\" title=\"Portugu\u00eas\">Portugu\u00eas<\/a>.<\/p><p><\/p>\n<div class=\"x14z9mp xat24cr x1lziwak x1vvkbs xtlvy1s x126k92a\"><\/div>\n<div class=\"x14z9mp xat24cr x1lziwak x1vvkbs xtlvy1s x126k92a\">\n<div dir=\"auto\">Um concerto gratuito dos Bandidos do Cante, no dia 10 de abril, \u00e0s 21h00, no Jardim P\u00fablico, marca o in\u00edcio de uma s\u00e9rie de iniciativas relacionadas com a Gala dos S\u00f3is Guia Repsol 2026, em \u00c9vora. O grupo, que ir\u00e1 representar Portugal na Eurovis\u00e3o, promete um espet\u00e1culo \u00fanico, celebrando a identidade cultural alentejana e dando o tom a um programa que coloca a nossa cidade no centro das aten\u00e7\u00f5es.<\/div>\n<div dir=\"auto\"><\/div>\n<\/div>\n<div class=\"x14z9mp xat24cr x1lziwak x1vvkbs xtlvy1s x126k92a\">\n<div dir=\"auto\">Ainda nesse dia, antes do concerto, o p\u00fablico poder\u00e1 assistir \u00e0 confe\u00e7\u00e3o de iguarias alentejanas no Jardim P\u00fablico, preparadas pelos restaurantes D. Joaquim (1 Sol) e Caf\u00e9 Alentejo (restaurante Guia Repsol), de \u00c9vora, e Mapa (1 Sol) e Poda (restaurante Guia Repsol), de Montemor-o-Novo, proporcionando uma verdadeira mostra dos sabores do territ\u00f3rio, onde tamb\u00e9m n\u00e3o v\u00e3o faltar, naturalmente, diversos produtores do melhor que se faz no concelho.<\/div>\n<div dir=\"auto\"><\/div>\n<\/div>\n<div class=\"x14z9mp xat24cr x1lziwak x1vvkbs xtlvy1s x126k92a\">\n<div dir=\"auto\">No dia 11 de abril, s\u00e1bado, o programa dirige-se especialmente \u00e0s fam\u00edlias e aos mais novos, com atividades criativas no Pal\u00e1cio de D. Manuel. A iniciativa \u201cMesa Posta\u201d convida \u00e0 recria\u00e7\u00e3o de um banquete real do tempo de D. Jo\u00e3o II atrav\u00e9s do desenho e da imagina\u00e7\u00e3o, enquanto a oficina \u201cDoces Recortados\u201d alia tradi\u00e7\u00e3o conventual \u00e0 criatividade, culminando na confe\u00e7\u00e3o e decora\u00e7\u00e3o de panquecas. Estas duas iniciativas, tamb\u00e9m gratuitas, carecem de inscri\u00e7\u00e3o atrav\u00e9s do email: servicoeducativo.cide@cm-evora.pt .<\/div>\n<div dir=\"auto\"><\/div>\n<\/div>\n<div class=\"x14z9mp xat24cr x1lziwak x1vvkbs xtlvy1s x126k92a\">\n<div dir=\"auto\">Em paralelo, na Pra\u00e7a 1.\u00ba de Maio, no exterior, junto ao mercado de peixe, a chef Michele, da Casa do Gadanha (Estremoz), dinamiza uma a\u00e7\u00e3o gastron\u00f3mica ao vivo com alunos do IEFP, proporcionando a degusta\u00e7\u00e3o de \u201centret\u00e9ns de boca\u201d alentejanos a quem por ali passar.<\/div>\n<div dir=\"auto\"><\/div>\n<\/div>\n<div class=\"x14z9mp xat24cr x1lziwak x1vvkbs xtlvy1s x126k92a\">\n<div dir=\"auto\"><strong>Garcia de Resende recebe Gala dos Sois<\/strong><\/div>\n<div dir=\"auto\"><\/div>\n<\/div>\n<div class=\"x14z9mp xat24cr x1lziwak x1vvkbs xtlvy1s x126k92a\">\n<div dir=\"auto\">A Gala Portuguesa dos S\u00f3is do Guia Repsol ter\u00e1 lugar no dia 13 de abril (segunda-feira), no Teatro Municipal Garcia Resende, reunindo chefs, cr\u00edticos e profissionais do setor para distinguir os melhores restaurantes nacionais. Os \u201cS\u00f3is\u201d do Guia Repsol constituem uma das mais prestigiadas distin\u00e7\u00f5es gastron\u00f3micas da Pen\u00ednsula Ib\u00e9rica, premiando a excel\u00eancia, a criatividade e a qualidade da experi\u00eancia proporcionada pelos restaurantes.<\/div>\n<div dir=\"auto\"><\/div>\n<\/div>\n<div class=\"x14z9mp xat24cr x1lziwak x1vvkbs xtlvy1s x126k92a\">\n<div dir=\"auto\">A realiza\u00e7\u00e3o deste evento em \u00c9vora, que conta com um forte apoio da C\u00e2mara Municipal de \u00c9vora e da Entidade Regional do Turismo do Alentejo, refor\u00e7a o posicionamento da cidade e da regi\u00e3o do Alentejo no panorama gastron\u00f3mico ib\u00e9rico e internacional, projetando o territ\u00f3rio, os seus produtos e a sua cultura. Ao acolher a Gala dos S\u00f3is do Guia Repsol, o Munic\u00edpio de \u00c9vora afirma-se como parceiro ativo na valoriza\u00e7\u00e3o da gastronomia enquanto motor de desenvolvimento econ\u00f3mico, tur\u00edstico e cultural.<\/div>\n<div dir=\"auto\"><\/div>\n<\/div>\n<div class=\"x14z9mp xat24cr x1lziwak x1vvkbs xtlvy1s x126k92a\">\n<div dir=\"auto\">Com a entrega dos S\u00f3is em \u00c9vora, o Guia Repsol 2026, por seu turno, promete continuar a crescer no territ\u00f3rio nacional para celebrar a gastronomia e a restaura\u00e7\u00e3o em todas as suas express\u00f5es.<\/div>\n<div dir=\"auto\"><\/div>\n<\/div>\n<div dir=\"auto\"><\/div>\n<div dir=\"auto\"><a href=\"https:\/\/www.cm-evora.pt\/wp-content\/uploads\/2026\/04\/659808412_1278693091053913_1798058692686004543_n.jpg\"><img loading=\"lazy\" decoding=\"async\" class=\"alignnone wp-image-82709 size-full\" src=\"https:\/\/www.cm-evora.pt\/wp-content\/uploads\/2026\/04\/659808412_1278693091053913_1798058692686004543_n.jpg\" alt=\"\" width=\"2048\" height=\"1366\" srcset=\"https:\/\/www.cm-evora.pt\/wp-content\/uploads\/2026\/04\/659808412_1278693091053913_1798058692686004543_n.jpg 2048w, https:\/\/www.cm-evora.pt\/wp-content\/uploads\/2026\/04\/659808412_1278693091053913_1798058692686004543_n-300x200.jpg 300w, https:\/\/www.cm-evora.pt\/wp-content\/uploads\/2026\/04\/659808412_1278693091053913_1798058692686004543_n-1024x683.jpg 1024w, https:\/\/www.cm-evora.pt\/wp-content\/uploads\/2026\/04\/659808412_1278693091053913_1798058692686004543_n-768x512.jpg 768w, https:\/\/www.cm-evora.pt\/wp-content\/uploads\/2026\/04\/659808412_1278693091053913_1798058692686004543_n-1536x1025.jpg 1536w, https:\/\/www.cm-evora.pt\/wp-content\/uploads\/2026\/04\/659808412_1278693091053913_1798058692686004543_n-1320x880.jpg 1320w\" sizes=\"auto, (max-width: 2048px) 100vw, 2048px\" \/><\/a><\/div>\n<div dir=\"auto\"><\/div>\n<div dir=\"auto\"><\/div>\n<div dir=\"auto\"><a href=\"https:\/\/www.cm-evora.pt\/wp-content\/uploads\/2026\/04\/Agenda_A2_PT.jpg\"><img loading=\"lazy\" decoding=\"async\" class=\"alignnone wp-image-82706 size-full\" src=\"https:\/\/www.cm-evora.pt\/wp-content\/uploads\/2026\/04\/Agenda_A2_PT.jpg\" alt=\"\" width=\"1588\" height=\"2246\" srcset=\"https:\/\/www.cm-evora.pt\/wp-content\/uploads\/2026\/04\/Agenda_A2_PT.jpg 1588w, https:\/\/www.cm-evora.pt\/wp-content\/uploads\/2026\/04\/Agenda_A2_PT-212x300.jpg 212w, https:\/\/www.cm-evora.pt\/wp-content\/uploads\/2026\/04\/Agenda_A2_PT-724x1024.jpg 724w, https:\/\/www.cm-evora.pt\/wp-content\/uploads\/2026\/04\/Agenda_A2_PT-768x1086.jpg 768w, https:\/\/www.cm-evora.pt\/wp-content\/uploads\/2026\/04\/Agenda_A2_PT-1086x1536.jpg 1086w, https:\/\/www.cm-evora.pt\/wp-content\/uploads\/2026\/04\/Agenda_A2_PT-1448x2048.jpg 1448w, https:\/\/www.cm-evora.pt\/wp-content\/uploads\/2026\/04\/Agenda_A2_PT-1320x1867.jpg 1320w\" sizes=\"auto, (max-width: 1588px) 100vw, 1588px\" \/><\/a><\/div>\n<p><\/p>","protected":false},"excerpt":{"rendered":"<p>Sorry, this entry is only available in Portugu\u00eas. Um concerto gratuito dos Bandidos do Cante, no dia 10 de abril, \u00e0s 21h00, no Jardim P\u00fablico, marca o in\u00edcio de uma s\u00e9rie de iniciativas relacionadas com a Gala dos S\u00f3is Guia Repsol 2026, em \u00c9vora. O grupo, que ir\u00e1 representar Portugal na Eurovis\u00e3o, promete um espet\u00e1culo [&hellip;]<\/p>\n","protected":false},"author":67,"featured_media":82709,"comment_status":"closed","ping_status":"closed","sticky":false,"template":"","format":"standard","meta":{"_acf_changed":false,"footnotes":""},"categories":[2110],"tags":[],"class_list":["post-82705","post","type-post","status-publish","format-standard","has-post-thumbnail","hentry","category-noticias"],"acf":{"imagens":"","destaq_image":82710,"titulo_docs_seccao":"","documentos":""},"_links":{"self":[{"href":"https:\/\/www.cm-evora.pt\/en\/wp-json\/wp\/v2\/posts\/82705","targetHints":{"allow":["GET"]}}],"collection":[{"href":"https:\/\/www.cm-evora.pt\/en\/wp-json\/wp\/v2\/posts"}],"about":[{"href":"https:\/\/www.cm-evora.pt\/en\/wp-json\/wp\/v2\/types\/post"}],"author":[{"embeddable":true,"href":"https:\/\/www.cm-evora.pt\/en\/wp-json\/wp\/v2\/users\/67"}],"replies":[{"embeddable":true,"href":"https:\/\/www.cm-evora.pt\/en\/wp-json\/wp\/v2\/comments?post=82705"}],"version-history":[{"count":2,"href":"https:\/\/www.cm-evora.pt\/en\/wp-json\/wp\/v2\/posts\/82705\/revisions"}],"predecessor-version":[{"id":82713,"href":"https:\/\/www.cm-evora.pt\/en\/wp-json\/wp\/v2\/posts\/82705\/revisions\/82713"}],"wp:featuredmedia":[{"embeddable":true,"href":"https:\/\/www.cm-evora.pt\/en\/wp-json\/wp\/v2\/media\/82709"}],"wp:attachment":[{"href":"https:\/\/www.cm-evora.pt\/en\/wp-json\/wp\/v2\/media?parent=82705"}],"wp:term":[{"taxonomy":"category","embeddable":true,"href":"https:\/\/www.cm-evora.pt\/en\/wp-json\/wp\/v2\/categories?post=82705"},{"taxonomy":"post_tag","embeddable":true,"href":"https:\/\/www.cm-evora.pt\/en\/wp-json\/wp\/v2\/tags?post=82705"}],"curies":[{"name":"wp","href":"https:\/\/api.w.org\/{rel}","templated":true}]}}