{"id":83569,"date":"2026-04-27T16:52:40","date_gmt":"2026-04-27T15:52:40","guid":{"rendered":"https:\/\/www.cm-evora.pt\/?p=83569"},"modified":"2026-04-27T16:52:40","modified_gmt":"2026-04-27T15:52:40","slug":"milhares-de-pessoas-celebraram-o-25-de-abril-em-evora","status":"publish","type":"post","link":"https:\/\/www.cm-evora.pt\/en\/milhares-de-pessoas-celebraram-o-25-de-abril-em-evora\/","title":{"rendered":"(Portugu\u00eas) Milhares de pessoas celebraram o 25 de Abril em \u00c9vora"},"content":{"rendered":"<p class=\"qtranxs-available-languages-message qtranxs-available-languages-message-en\">Sorry, this entry is only available in <a href=\"https:\/\/www.cm-evora.pt\/pt\/wp-json\/wp\/v2\/posts\/83569\" class=\"qtranxs-available-language-link qtranxs-available-language-link-pt\" title=\"Portugu\u00eas\">Portugu\u00eas<\/a>.<\/p><p><strong>A Pra\u00e7a de Giraldo foi pequena para acolher a multid\u00e3o que saiu \u00e0 rua para celebrar 52 anos de Liberdade e Democracia. A festa fez-se com um intenso concerto de Marisa Liz que serviu para afinar gargantas para a \u201cGr\u00e2ndola, Vila Morena\u201d cantada, em un\u00edssono, com o Grupo de Cantares de \u00c9vora. A encerrar o espet\u00e1culo, a Pra\u00e7a foi brindada com fogo-de-artif\u00edcio com sincroniza\u00e7\u00e3o musical. Seguiu-se o concerto <em>after hours<\/em> com a banda Urze de Lume, na Sociedade Oper\u00e1ria de Instru\u00e7\u00e3o e Recreio Joaquim Ant\u00f3nio de Aguiar.<\/strong><\/p>\n<p>Antes do in\u00edcio das festividades, subiu ao palco o Presidente da C\u00e2mara Municipal de \u00c9vora, Carlos Zorrinho, que lembrou a import\u00e2ncia de defender a Liberdade para que \u201ca luz do 25 de Abril n\u00e3o se apague\u201d. O vice-presidente Jer\u00f3nimo Jos\u00e9 e a vereadora Carmen Carvalheira tamb\u00e9m assistiram ao espet\u00e1culo e tiveram a oportunidade de cumprimentar Marisa Liz.<\/p>\n<p>Recorde-se que as comemora\u00e7\u00f5es do 25 de Abril s\u00e3o promovidas pelo Munic\u00edpio, com um programa diversificado de iniciativas culturais, desportivas, institucionais e participativas que evocam os valores da Liberdade, da Democracia e da Cidadania.<\/p>\n<p>O programa completo das comemora\u00e7\u00f5es pode ser consultado em <a href=\"http:\/\/www.cm-evora.pt\">www.cm-evora.pt\u00a0<\/a><\/p>\n<p>\n\t\t<style type=\"text\/css\">\n\t\t\t#gallery-1 {\n\t\t\t\tmargin: auto;\n\t\t\t}\n\t\t\t#gallery-1 .gallery-item {\n\t\t\t\tfloat: left;\n\t\t\t\tmargin-top: 10px;\n\t\t\t\ttext-align: center;\n\t\t\t\twidth: 33%;\n\t\t\t}\n\t\t\t#gallery-1 img {\n\t\t\t\tborder: 2px solid #cfcfcf;\n\t\t\t}\n\t\t\t#gallery-1 .gallery-caption {\n\t\t\t\tmargin-left: 0;\n\t\t\t}\n\t\t\t\/* see gallery_shortcode() in wp-includes\/media.php *\/\n\t\t<\/style>\n\t\t<div id='gallery-1' class='gallery galleryid-83569 gallery-columns-3 gallery-size-full'><dl class='gallery-item'>\n\t\t\t<dt class='gallery-icon landscape'>\n\t\t\t\t<a href='https:\/\/www.cm-evora.pt\/wp-content\/uploads\/2026\/04\/DSC_8778-1-scaled.jpg'><img loading=\"lazy\" decoding=\"async\" width=\"2560\" height=\"1707\" src=\"https:\/\/www.cm-evora.pt\/wp-content\/uploads\/2026\/04\/DSC_8778-1-scaled.jpg\" class=\"attachment-full size-full\" alt=\"\" srcset=\"https:\/\/www.cm-evora.pt\/wp-content\/uploads\/2026\/04\/DSC_8778-1-scaled.jpg 2560w, https:\/\/www.cm-evora.pt\/wp-content\/uploads\/2026\/04\/DSC_8778-1-300x200.jpg 300w, https:\/\/www.cm-evora.pt\/wp-content\/uploads\/2026\/04\/DSC_8778-1-1024x683.jpg 1024w, https:\/\/www.cm-evora.pt\/wp-content\/uploads\/2026\/04\/DSC_8778-1-768x512.jpg 768w, https:\/\/www.cm-evora.pt\/wp-content\/uploads\/2026\/04\/DSC_8778-1-1536x1024.jpg 1536w, https:\/\/www.cm-evora.pt\/wp-content\/uploads\/2026\/04\/DSC_8778-1-2048x1365.jpg 2048w, https:\/\/www.cm-evora.pt\/wp-content\/uploads\/2026\/04\/DSC_8778-1-1320x880.jpg 1320w\" sizes=\"auto, (max-width: 2560px) 100vw, 2560px\" \/><\/a>\n\t\t\t<\/dt><\/dl><dl class='gallery-item'>\n\t\t\t<dt class='gallery-icon landscape'>\n\t\t\t\t<a href='https:\/\/www.cm-evora.pt\/wp-content\/uploads\/2026\/04\/DSC_8795-scaled.jpg'><img loading=\"lazy\" decoding=\"async\" width=\"2560\" height=\"1707\" src=\"https:\/\/www.cm-evora.pt\/wp-content\/uploads\/2026\/04\/DSC_8795-scaled.jpg\" class=\"attachment-full size-full\" alt=\"\" srcset=\"https:\/\/www.cm-evora.pt\/wp-content\/uploads\/2026\/04\/DSC_8795-scaled.jpg 2560w, https:\/\/www.cm-evora.pt\/wp-content\/uploads\/2026\/04\/DSC_8795-300x200.jpg 300w, https:\/\/www.cm-evora.pt\/wp-content\/uploads\/2026\/04\/DSC_8795-1024x683.jpg 1024w, https:\/\/www.cm-evora.pt\/wp-content\/uploads\/2026\/04\/DSC_8795-768x512.jpg 768w, https:\/\/www.cm-evora.pt\/wp-content\/uploads\/2026\/04\/DSC_8795-1536x1024.jpg 1536w, https:\/\/www.cm-evora.pt\/wp-content\/uploads\/2026\/04\/DSC_8795-2048x1365.jpg 2048w, https:\/\/www.cm-evora.pt\/wp-content\/uploads\/2026\/04\/DSC_8795-1320x880.jpg 1320w\" sizes=\"auto, (max-width: 2560px) 100vw, 2560px\" \/><\/a>\n\t\t\t<\/dt><\/dl><dl class='gallery-item'>\n\t\t\t<dt class='gallery-icon landscape'>\n\t\t\t\t<a href='https:\/\/www.cm-evora.pt\/wp-content\/uploads\/2026\/04\/DSC01834.jpg'><img loading=\"lazy\" decoding=\"async\" width=\"1616\" height=\"1080\" src=\"https:\/\/www.cm-evora.pt\/wp-content\/uploads\/2026\/04\/DSC01834.jpg\" class=\"attachment-full size-full\" alt=\"\" srcset=\"https:\/\/www.cm-evora.pt\/wp-content\/uploads\/2026\/04\/DSC01834.jpg 1616w, https:\/\/www.cm-evora.pt\/wp-content\/uploads\/2026\/04\/DSC01834-300x200.jpg 300w, https:\/\/www.cm-evora.pt\/wp-content\/uploads\/2026\/04\/DSC01834-1024x684.jpg 1024w, https:\/\/www.cm-evora.pt\/wp-content\/uploads\/2026\/04\/DSC01834-768x513.jpg 768w, https:\/\/www.cm-evora.pt\/wp-content\/uploads\/2026\/04\/DSC01834-1536x1027.jpg 1536w, https:\/\/www.cm-evora.pt\/wp-content\/uploads\/2026\/04\/DSC01834-1320x882.jpg 1320w\" sizes=\"auto, (max-width: 1616px) 100vw, 1616px\" \/><\/a>\n\t\t\t<\/dt><\/dl><br style=\"clear: both\" \/><dl class='gallery-item'>\n\t\t\t<dt class='gallery-icon landscape'>\n\t\t\t\t<a href='https:\/\/www.cm-evora.pt\/wp-content\/uploads\/2026\/04\/DSC_8724-scaled.jpg'><img loading=\"lazy\" decoding=\"async\" width=\"2560\" height=\"1602\" src=\"https:\/\/www.cm-evora.pt\/wp-content\/uploads\/2026\/04\/DSC_8724-scaled.jpg\" class=\"attachment-full size-full\" alt=\"\" srcset=\"https:\/\/www.cm-evora.pt\/wp-content\/uploads\/2026\/04\/DSC_8724-scaled.jpg 2560w, https:\/\/www.cm-evora.pt\/wp-content\/uploads\/2026\/04\/DSC_8724-300x188.jpg 300w, https:\/\/www.cm-evora.pt\/wp-content\/uploads\/2026\/04\/DSC_8724-1024x641.jpg 1024w, https:\/\/www.cm-evora.pt\/wp-content\/uploads\/2026\/04\/DSC_8724-768x480.jpg 768w, https:\/\/www.cm-evora.pt\/wp-content\/uploads\/2026\/04\/DSC_8724-1536x961.jpg 1536w, https:\/\/www.cm-evora.pt\/wp-content\/uploads\/2026\/04\/DSC_8724-2048x1281.jpg 2048w, https:\/\/www.cm-evora.pt\/wp-content\/uploads\/2026\/04\/DSC_8724-1320x826.jpg 1320w\" sizes=\"auto, (max-width: 2560px) 100vw, 2560px\" \/><\/a>\n\t\t\t<\/dt><\/dl><dl class='gallery-item'>\n\t\t\t<dt class='gallery-icon landscape'>\n\t\t\t\t<a href='https:\/\/www.cm-evora.pt\/wp-content\/uploads\/2026\/04\/DSC_8714-scaled.jpg'><img loading=\"lazy\" decoding=\"async\" width=\"2560\" height=\"1707\" src=\"https:\/\/www.cm-evora.pt\/wp-content\/uploads\/2026\/04\/DSC_8714-scaled.jpg\" class=\"attachment-full size-full\" alt=\"\" srcset=\"https:\/\/www.cm-evora.pt\/wp-content\/uploads\/2026\/04\/DSC_8714-scaled.jpg 2560w, https:\/\/www.cm-evora.pt\/wp-content\/uploads\/2026\/04\/DSC_8714-300x200.jpg 300w, https:\/\/www.cm-evora.pt\/wp-content\/uploads\/2026\/04\/DSC_8714-1024x683.jpg 1024w, https:\/\/www.cm-evora.pt\/wp-content\/uploads\/2026\/04\/DSC_8714-768x512.jpg 768w, https:\/\/www.cm-evora.pt\/wp-content\/uploads\/2026\/04\/DSC_8714-1536x1024.jpg 1536w, https:\/\/www.cm-evora.pt\/wp-content\/uploads\/2026\/04\/DSC_8714-2048x1365.jpg 2048w, https:\/\/www.cm-evora.pt\/wp-content\/uploads\/2026\/04\/DSC_8714-1320x880.jpg 1320w\" sizes=\"auto, (max-width: 2560px) 100vw, 2560px\" \/><\/a>\n\t\t\t<\/dt><\/dl><dl class='gallery-item'>\n\t\t\t<dt class='gallery-icon landscape'>\n\t\t\t\t<a href='https:\/\/www.cm-evora.pt\/wp-content\/uploads\/2026\/04\/DSC_8699-scaled.jpg'><img loading=\"lazy\" decoding=\"async\" width=\"2560\" height=\"1707\" src=\"https:\/\/www.cm-evora.pt\/wp-content\/uploads\/2026\/04\/DSC_8699-scaled.jpg\" class=\"attachment-full size-full\" alt=\"\" srcset=\"https:\/\/www.cm-evora.pt\/wp-content\/uploads\/2026\/04\/DSC_8699-scaled.jpg 2560w, https:\/\/www.cm-evora.pt\/wp-content\/uploads\/2026\/04\/DSC_8699-300x200.jpg 300w, https:\/\/www.cm-evora.pt\/wp-content\/uploads\/2026\/04\/DSC_8699-1024x683.jpg 1024w, https:\/\/www.cm-evora.pt\/wp-content\/uploads\/2026\/04\/DSC_8699-768x512.jpg 768w, https:\/\/www.cm-evora.pt\/wp-content\/uploads\/2026\/04\/DSC_8699-1536x1024.jpg 1536w, https:\/\/www.cm-evora.pt\/wp-content\/uploads\/2026\/04\/DSC_8699-2048x1365.jpg 2048w, https:\/\/www.cm-evora.pt\/wp-content\/uploads\/2026\/04\/DSC_8699-1320x880.jpg 1320w\" sizes=\"auto, (max-width: 2560px) 100vw, 2560px\" \/><\/a>\n\t\t\t<\/dt><\/dl><br style=\"clear: both\" \/><dl class='gallery-item'>\n\t\t\t<dt class='gallery-icon landscape'>\n\t\t\t\t<a href='https:\/\/www.cm-evora.pt\/wp-content\/uploads\/2026\/04\/DSC_8683-scaled.jpg'><img loading=\"lazy\" decoding=\"async\" width=\"2560\" height=\"1707\" src=\"https:\/\/www.cm-evora.pt\/wp-content\/uploads\/2026\/04\/DSC_8683-scaled.jpg\" class=\"attachment-full size-full\" alt=\"\" srcset=\"https:\/\/www.cm-evora.pt\/wp-content\/uploads\/2026\/04\/DSC_8683-scaled.jpg 2560w, https:\/\/www.cm-evora.pt\/wp-content\/uploads\/2026\/04\/DSC_8683-300x200.jpg 300w, https:\/\/www.cm-evora.pt\/wp-content\/uploads\/2026\/04\/DSC_8683-1024x683.jpg 1024w, https:\/\/www.cm-evora.pt\/wp-content\/uploads\/2026\/04\/DSC_8683-768x512.jpg 768w, https:\/\/www.cm-evora.pt\/wp-content\/uploads\/2026\/04\/DSC_8683-1536x1024.jpg 1536w, https:\/\/www.cm-evora.pt\/wp-content\/uploads\/2026\/04\/DSC_8683-2048x1365.jpg 2048w, https:\/\/www.cm-evora.pt\/wp-content\/uploads\/2026\/04\/DSC_8683-1320x880.jpg 1320w\" sizes=\"auto, (max-width: 2560px) 100vw, 2560px\" \/><\/a>\n\t\t\t<\/dt><\/dl><dl class='gallery-item'>\n\t\t\t<dt class='gallery-icon landscape'>\n\t\t\t\t<a href='https:\/\/www.cm-evora.pt\/wp-content\/uploads\/2026\/04\/DSC_8665-scaled.jpg'><img loading=\"lazy\" decoding=\"async\" width=\"2560\" height=\"1270\" src=\"https:\/\/www.cm-evora.pt\/wp-content\/uploads\/2026\/04\/DSC_8665-scaled.jpg\" class=\"attachment-full size-full\" alt=\"\" srcset=\"https:\/\/www.cm-evora.pt\/wp-content\/uploads\/2026\/04\/DSC_8665-scaled.jpg 2560w, https:\/\/www.cm-evora.pt\/wp-content\/uploads\/2026\/04\/DSC_8665-300x149.jpg 300w, https:\/\/www.cm-evora.pt\/wp-content\/uploads\/2026\/04\/DSC_8665-1024x508.jpg 1024w, https:\/\/www.cm-evora.pt\/wp-content\/uploads\/2026\/04\/DSC_8665-768x381.jpg 768w, https:\/\/www.cm-evora.pt\/wp-content\/uploads\/2026\/04\/DSC_8665-1536x762.jpg 1536w, https:\/\/www.cm-evora.pt\/wp-content\/uploads\/2026\/04\/DSC_8665-2048x1016.jpg 2048w, https:\/\/www.cm-evora.pt\/wp-content\/uploads\/2026\/04\/DSC_8665-1320x655.jpg 1320w\" sizes=\"auto, (max-width: 2560px) 100vw, 2560px\" \/><\/a>\n\t\t\t<\/dt><\/dl><dl class='gallery-item'>\n\t\t\t<dt class='gallery-icon landscape'>\n\t\t\t\t<a href='https:\/\/www.cm-evora.pt\/wp-content\/uploads\/2026\/04\/DSC_8664-scaled.jpg'><img loading=\"lazy\" decoding=\"async\" width=\"2560\" height=\"1707\" src=\"https:\/\/www.cm-evora.pt\/wp-content\/uploads\/2026\/04\/DSC_8664-scaled.jpg\" class=\"attachment-full size-full\" alt=\"\" srcset=\"https:\/\/www.cm-evora.pt\/wp-content\/uploads\/2026\/04\/DSC_8664-scaled.jpg 2560w, https:\/\/www.cm-evora.pt\/wp-content\/uploads\/2026\/04\/DSC_8664-300x200.jpg 300w, https:\/\/www.cm-evora.pt\/wp-content\/uploads\/2026\/04\/DSC_8664-1024x683.jpg 1024w, https:\/\/www.cm-evora.pt\/wp-content\/uploads\/2026\/04\/DSC_8664-768x512.jpg 768w, https:\/\/www.cm-evora.pt\/wp-content\/uploads\/2026\/04\/DSC_8664-1536x1024.jpg 1536w, https:\/\/www.cm-evora.pt\/wp-content\/uploads\/2026\/04\/DSC_8664-2048x1365.jpg 2048w, https:\/\/www.cm-evora.pt\/wp-content\/uploads\/2026\/04\/DSC_8664-1320x880.jpg 1320w\" sizes=\"auto, (max-width: 2560px) 100vw, 2560px\" \/><\/a>\n\t\t\t<\/dt><\/dl><br style=\"clear: both\" \/><dl class='gallery-item'>\n\t\t\t<dt class='gallery-icon landscape'>\n\t\t\t\t<a href='https:\/\/www.cm-evora.pt\/wp-content\/uploads\/2026\/04\/DSC_8647-scaled.jpg'><img loading=\"lazy\" decoding=\"async\" width=\"2560\" height=\"1707\" src=\"https:\/\/www.cm-evora.pt\/wp-content\/uploads\/2026\/04\/DSC_8647-scaled.jpg\" class=\"attachment-full size-full\" alt=\"\" srcset=\"https:\/\/www.cm-evora.pt\/wp-content\/uploads\/2026\/04\/DSC_8647-scaled.jpg 2560w, https:\/\/www.cm-evora.pt\/wp-content\/uploads\/2026\/04\/DSC_8647-300x200.jpg 300w, https:\/\/www.cm-evora.pt\/wp-content\/uploads\/2026\/04\/DSC_8647-1024x683.jpg 1024w, https:\/\/www.cm-evora.pt\/wp-content\/uploads\/2026\/04\/DSC_8647-768x512.jpg 768w, https:\/\/www.cm-evora.pt\/wp-content\/uploads\/2026\/04\/DSC_8647-1536x1024.jpg 1536w, https:\/\/www.cm-evora.pt\/wp-content\/uploads\/2026\/04\/DSC_8647-2048x1365.jpg 2048w, https:\/\/www.cm-evora.pt\/wp-content\/uploads\/2026\/04\/DSC_8647-1320x880.jpg 1320w\" sizes=\"auto, (max-width: 2560px) 100vw, 2560px\" \/><\/a>\n\t\t\t<\/dt><\/dl><dl class='gallery-item'>\n\t\t\t<dt class='gallery-icon landscape'>\n\t\t\t\t<a href='https:\/\/www.cm-evora.pt\/wp-content\/uploads\/2026\/04\/DSC_8615-scaled.jpg'><img loading=\"lazy\" decoding=\"async\" width=\"2560\" height=\"1707\" src=\"https:\/\/www.cm-evora.pt\/wp-content\/uploads\/2026\/04\/DSC_8615-scaled.jpg\" class=\"attachment-full size-full\" alt=\"\" srcset=\"https:\/\/www.cm-evora.pt\/wp-content\/uploads\/2026\/04\/DSC_8615-scaled.jpg 2560w, https:\/\/www.cm-evora.pt\/wp-content\/uploads\/2026\/04\/DSC_8615-300x200.jpg 300w, https:\/\/www.cm-evora.pt\/wp-content\/uploads\/2026\/04\/DSC_8615-1024x683.jpg 1024w, https:\/\/www.cm-evora.pt\/wp-content\/uploads\/2026\/04\/DSC_8615-768x512.jpg 768w, https:\/\/www.cm-evora.pt\/wp-content\/uploads\/2026\/04\/DSC_8615-1536x1024.jpg 1536w, https:\/\/www.cm-evora.pt\/wp-content\/uploads\/2026\/04\/DSC_8615-2048x1365.jpg 2048w, https:\/\/www.cm-evora.pt\/wp-content\/uploads\/2026\/04\/DSC_8615-1320x880.jpg 1320w\" sizes=\"auto, (max-width: 2560px) 100vw, 2560px\" \/><\/a>\n\t\t\t<\/dt><\/dl><dl class='gallery-item'>\n\t\t\t<dt class='gallery-icon landscape'>\n\t\t\t\t<a href='https:\/\/www.cm-evora.pt\/wp-content\/uploads\/2026\/04\/DSC_8602-scaled.jpg'><img loading=\"lazy\" decoding=\"async\" width=\"2560\" height=\"1707\" src=\"https:\/\/www.cm-evora.pt\/wp-content\/uploads\/2026\/04\/DSC_8602-scaled.jpg\" class=\"attachment-full size-full\" alt=\"\" srcset=\"https:\/\/www.cm-evora.pt\/wp-content\/uploads\/2026\/04\/DSC_8602-scaled.jpg 2560w, https:\/\/www.cm-evora.pt\/wp-content\/uploads\/2026\/04\/DSC_8602-300x200.jpg 300w, https:\/\/www.cm-evora.pt\/wp-content\/uploads\/2026\/04\/DSC_8602-1024x683.jpg 1024w, https:\/\/www.cm-evora.pt\/wp-content\/uploads\/2026\/04\/DSC_8602-768x512.jpg 768w, https:\/\/www.cm-evora.pt\/wp-content\/uploads\/2026\/04\/DSC_8602-1536x1024.jpg 1536w, https:\/\/www.cm-evora.pt\/wp-content\/uploads\/2026\/04\/DSC_8602-2048x1365.jpg 2048w, https:\/\/www.cm-evora.pt\/wp-content\/uploads\/2026\/04\/DSC_8602-1320x880.jpg 1320w\" sizes=\"auto, (max-width: 2560px) 100vw, 2560px\" \/><\/a>\n\t\t\t<\/dt><\/dl><br style=\"clear: both\" \/><dl class='gallery-item'>\n\t\t\t<dt class='gallery-icon landscape'>\n\t\t\t\t<a href='https:\/\/www.cm-evora.pt\/wp-content\/uploads\/2026\/04\/DSC_8520-scaled.jpg'><img loading=\"lazy\" decoding=\"async\" width=\"2560\" height=\"1707\" src=\"https:\/\/www.cm-evora.pt\/wp-content\/uploads\/2026\/04\/DSC_8520-scaled.jpg\" class=\"attachment-full size-full\" alt=\"\" srcset=\"https:\/\/www.cm-evora.pt\/wp-content\/uploads\/2026\/04\/DSC_8520-scaled.jpg 2560w, https:\/\/www.cm-evora.pt\/wp-content\/uploads\/2026\/04\/DSC_8520-300x200.jpg 300w, https:\/\/www.cm-evora.pt\/wp-content\/uploads\/2026\/04\/DSC_8520-1024x683.jpg 1024w, https:\/\/www.cm-evora.pt\/wp-content\/uploads\/2026\/04\/DSC_8520-768x512.jpg 768w, https:\/\/www.cm-evora.pt\/wp-content\/uploads\/2026\/04\/DSC_8520-1536x1024.jpg 1536w, https:\/\/www.cm-evora.pt\/wp-content\/uploads\/2026\/04\/DSC_8520-2048x1365.jpg 2048w, https:\/\/www.cm-evora.pt\/wp-content\/uploads\/2026\/04\/DSC_8520-1320x880.jpg 1320w\" sizes=\"auto, (max-width: 2560px) 100vw, 2560px\" \/><\/a>\n\t\t\t<\/dt><\/dl>\n\t\t\t<br style='clear: both' \/>\n\t\t<\/div>\n<\/p>","protected":false},"excerpt":{"rendered":"<p>Sorry, this entry is only available in Portugu\u00eas.A Pra\u00e7a de Giraldo foi pequena para acolher a multid\u00e3o que saiu \u00e0 rua para celebrar 52 anos de Liberdade e Democracia. A festa fez-se com um intenso concerto de Marisa Liz que serviu para afinar gargantas para a \u201cGr\u00e2ndola, Vila Morena\u201d cantada, em un\u00edssono, com o Grupo [&hellip;]<\/p>\n","protected":false},"author":58,"featured_media":83589,"comment_status":"closed","ping_status":"closed","sticky":false,"template":"","format":"standard","meta":{"_acf_changed":false,"footnotes":""},"categories":[2110],"tags":[],"class_list":["post-83569","post","type-post","status-publish","format-standard","has-post-thumbnail","hentry","category-noticias"],"acf":{"imagens":"","destaq_image":83589,"titulo_docs_seccao":"","documentos":""},"_links":{"self":[{"href":"https:\/\/www.cm-evora.pt\/en\/wp-json\/wp\/v2\/posts\/83569","targetHints":{"allow":["GET"]}}],"collection":[{"href":"https:\/\/www.cm-evora.pt\/en\/wp-json\/wp\/v2\/posts"}],"about":[{"href":"https:\/\/www.cm-evora.pt\/en\/wp-json\/wp\/v2\/types\/post"}],"author":[{"embeddable":true,"href":"https:\/\/www.cm-evora.pt\/en\/wp-json\/wp\/v2\/users\/58"}],"replies":[{"embeddable":true,"href":"https:\/\/www.cm-evora.pt\/en\/wp-json\/wp\/v2\/comments?post=83569"}],"version-history":[{"count":1,"href":"https:\/\/www.cm-evora.pt\/en\/wp-json\/wp\/v2\/posts\/83569\/revisions"}],"predecessor-version":[{"id":83590,"href":"https:\/\/www.cm-evora.pt\/en\/wp-json\/wp\/v2\/posts\/83569\/revisions\/83590"}],"wp:featuredmedia":[{"embeddable":true,"href":"https:\/\/www.cm-evora.pt\/en\/wp-json\/wp\/v2\/media\/83589"}],"wp:attachment":[{"href":"https:\/\/www.cm-evora.pt\/en\/wp-json\/wp\/v2\/media?parent=83569"}],"wp:term":[{"taxonomy":"category","embeddable":true,"href":"https:\/\/www.cm-evora.pt\/en\/wp-json\/wp\/v2\/categories?post=83569"},{"taxonomy":"post_tag","embeddable":true,"href":"https:\/\/www.cm-evora.pt\/en\/wp-json\/wp\/v2\/tags?post=83569"}],"curies":[{"name":"wp","href":"https:\/\/api.w.org\/{rel}","templated":true}]}}