{"id":83581,"date":"2026-04-27T16:46:52","date_gmt":"2026-04-27T15:46:52","guid":{"rendered":"https:\/\/www.cm-evora.pt\/?p=83581"},"modified":"2026-04-27T20:13:29","modified_gmt":"2026-04-27T19:13:29","slug":"assembleia-municipal-de-evora-realiza-uma-sessao-no-dia-27-de-abril-de-2026","status":"publish","type":"post","link":"https:\/\/www.cm-evora.pt\/en\/assembleia-municipal-de-evora-realiza-uma-sessao-no-dia-27-de-abril-de-2026\/","title":{"rendered":"(Portugu\u00eas) Assembleia Municipal de \u00c9vora realiza uma sess\u00e3o no dia 27 de abril de 2026"},"content":{"rendered":"<p class=\"qtranxs-available-languages-message qtranxs-available-languages-message-en\">Sorry, this entry is only available in <a href=\"https:\/\/www.cm-evora.pt\/pt\/wp-json\/wp\/v2\/posts\/83581\" class=\"qtranxs-available-language-link qtranxs-available-language-link-pt\" title=\"Portugu\u00eas\">Portugu\u00eas<\/a>.<\/p><p>A Assembleia Municipal de \u00c9vora realiza uma sess\u00e3o a 27 de abril (segunda-feira), a partir das 20 horas, no Sal\u00e3o Nobre do edif\u00edcio dos Pa\u00e7os do Concelho.<\/p>\n<p>Pode assistir \u00e0 reuni\u00e3o em direto na internet atrav\u00e9s do seguinte endere\u00e7o:<\/p>\n<p><iframe loading=\"lazy\" title=\"Sess\u00e3o Ordin\u00e1ria da Assembleia Municipal de \u00c9vora | 27 de abril de 2026 | 20h00\" width=\"500\" height=\"375\" src=\"https:\/\/www.youtube.com\/embed\/x7pCDGiRmpc?feature=oembed\" frameborder=\"0\" allow=\"accelerometer; autoplay; clipboard-write; encrypted-media; gyroscope; picture-in-picture; web-share\" referrerpolicy=\"strict-origin-when-cross-origin\" allowfullscreen><\/iframe><\/p>\n<p>&nbsp;<\/p>\n<p>Veja a ordem de trabalhos completa em <a href=\"https:\/\/www.cm-evora.pt\/wp-content\/uploads\/2026\/04\/Edital_de_convocatoria_2026_04_27-1.pdf\">https:\/\/www.cm-evora.pt\/wp-content\/uploads\/2026\/04\/Edital_de_convocatoria_2026_04_27-1.pdf<\/a><\/p>\n\n\t\t<style type=\"text\/css\">\n\t\t\t#gallery-1 {\n\t\t\t\tmargin: auto;\n\t\t\t}\n\t\t\t#gallery-1 .gallery-item {\n\t\t\t\tfloat: left;\n\t\t\t\tmargin-top: 10px;\n\t\t\t\ttext-align: center;\n\t\t\t\twidth: 100%;\n\t\t\t}\n\t\t\t#gallery-1 img {\n\t\t\t\tborder: 2px solid #cfcfcf;\n\t\t\t}\n\t\t\t#gallery-1 .gallery-caption {\n\t\t\t\tmargin-left: 0;\n\t\t\t}\n\t\t\t\/* see gallery_shortcode() in wp-includes\/media.php *\/\n\t\t<\/style>\n\t\t<div id='gallery-1' class='gallery galleryid-83581 gallery-columns-1 gallery-size-full'><dl class='gallery-item'>\n\t\t\t<dt class='gallery-icon landscape'>\n\t\t\t\t<a href='https:\/\/www.cm-evora.pt\/wp-content\/uploads\/2026\/04\/AME.jpg'><img loading=\"lazy\" decoding=\"async\" width=\"1920\" height=\"1088\" src=\"https:\/\/www.cm-evora.pt\/wp-content\/uploads\/2026\/04\/AME.jpg\" class=\"attachment-full size-full\" alt=\"\" srcset=\"https:\/\/www.cm-evora.pt\/wp-content\/uploads\/2026\/04\/AME.jpg 1920w, https:\/\/www.cm-evora.pt\/wp-content\/uploads\/2026\/04\/AME-300x170.jpg 300w, https:\/\/www.cm-evora.pt\/wp-content\/uploads\/2026\/04\/AME-1024x580.jpg 1024w, https:\/\/www.cm-evora.pt\/wp-content\/uploads\/2026\/04\/AME-768x435.jpg 768w, https:\/\/www.cm-evora.pt\/wp-content\/uploads\/2026\/04\/AME-1536x870.jpg 1536w, https:\/\/www.cm-evora.pt\/wp-content\/uploads\/2026\/04\/AME-1320x748.jpg 1320w\" sizes=\"auto, (max-width: 1920px) 100vw, 1920px\" \/><\/a>\n\t\t\t<\/dt><\/dl><br style=\"clear: both\" \/>\n\t\t<\/div>\n\n<p><\/p>","protected":false},"excerpt":{"rendered":"<p>Sorry, this entry is only available in Portugu\u00eas.A Assembleia Municipal de \u00c9vora realiza uma sess\u00e3o a 27 de abril (segunda-feira), a partir das 20 horas, no Sal\u00e3o Nobre do edif\u00edcio dos Pa\u00e7os do Concelho. Pode assistir \u00e0 reuni\u00e3o em direto na internet atrav\u00e9s do seguinte endere\u00e7o: &nbsp; Veja a ordem de trabalhos completa em https:\/\/www.cm-evora.pt\/wp-content\/uploads\/2026\/04\/Edital_de_convocatoria_2026_04_27-1.pdf<\/p>\n","protected":false},"author":81,"featured_media":83582,"comment_status":"closed","ping_status":"closed","sticky":false,"template":"","format":"standard","meta":{"_acf_changed":false,"footnotes":""},"categories":[2110],"tags":[],"class_list":["post-83581","post","type-post","status-publish","format-standard","has-post-thumbnail","hentry","category-noticias"],"acf":{"imagens":"","destaq_image":83582,"titulo_docs_seccao":"","documentos":""},"_links":{"self":[{"href":"https:\/\/www.cm-evora.pt\/en\/wp-json\/wp\/v2\/posts\/83581","targetHints":{"allow":["GET"]}}],"collection":[{"href":"https:\/\/www.cm-evora.pt\/en\/wp-json\/wp\/v2\/posts"}],"about":[{"href":"https:\/\/www.cm-evora.pt\/en\/wp-json\/wp\/v2\/types\/post"}],"author":[{"embeddable":true,"href":"https:\/\/www.cm-evora.pt\/en\/wp-json\/wp\/v2\/users\/81"}],"replies":[{"embeddable":true,"href":"https:\/\/www.cm-evora.pt\/en\/wp-json\/wp\/v2\/comments?post=83581"}],"version-history":[{"count":3,"href":"https:\/\/www.cm-evora.pt\/en\/wp-json\/wp\/v2\/posts\/83581\/revisions"}],"predecessor-version":[{"id":83624,"href":"https:\/\/www.cm-evora.pt\/en\/wp-json\/wp\/v2\/posts\/83581\/revisions\/83624"}],"wp:featuredmedia":[{"embeddable":true,"href":"https:\/\/www.cm-evora.pt\/en\/wp-json\/wp\/v2\/media\/83582"}],"wp:attachment":[{"href":"https:\/\/www.cm-evora.pt\/en\/wp-json\/wp\/v2\/media?parent=83581"}],"wp:term":[{"taxonomy":"category","embeddable":true,"href":"https:\/\/www.cm-evora.pt\/en\/wp-json\/wp\/v2\/categories?post=83581"},{"taxonomy":"post_tag","embeddable":true,"href":"https:\/\/www.cm-evora.pt\/en\/wp-json\/wp\/v2\/tags?post=83581"}],"curies":[{"name":"wp","href":"https:\/\/api.w.org\/{rel}","templated":true}]}}