{"id":83665,"date":"2026-04-28T11:58:04","date_gmt":"2026-04-28T10:58:04","guid":{"rendered":"https:\/\/www.cm-evora.pt\/?p=83665"},"modified":"2026-04-28T11:58:04","modified_gmt":"2026-04-28T10:58:04","slug":"camara-de-evora-realiza-uma-reuniao-publica-no-dia-30-de-abril","status":"publish","type":"post","link":"https:\/\/www.cm-evora.pt\/en\/camara-de-evora-realiza-uma-reuniao-publica-no-dia-30-de-abril\/","title":{"rendered":"(Portugu\u00eas) C\u00e2mara de \u00c9vora realiza uma reuni\u00e3o p\u00fablica no dia 30 de abril"},"content":{"rendered":"<p class=\"qtranxs-available-languages-message qtranxs-available-languages-message-en\">Sorry, this entry is only available in <a href=\"https:\/\/www.cm-evora.pt\/pt\/wp-json\/wp\/v2\/posts\/83665\" class=\"qtranxs-available-language-link qtranxs-available-language-link-pt\" title=\"Portugu\u00eas\">Portugu\u00eas<\/a>.<\/p><p>A C\u00e2mara Municipal de \u00c9vora realiza a sua reuni\u00e3o p\u00fablica no dia 30 de abril (quinta-feira), a partir das 15 horas, no Sal\u00e3o Nobre do edif\u00edcio dos Pa\u00e7os do Concelho.<\/p>\n<p>Pode assistir \u00e0 reuni\u00e3o em direto na internet atrav\u00e9s do seguinte endere\u00e7o: <a href=\"https:\/\/www.youtube.com\/watch?v=P0KI8YYiUpY\">https:\/\/www.youtube.com\/watch?v=P0KI8YYiUpY<\/a><\/p>\n<p>A ordem de trabalhos \u00e9 a seguinte: <a href=\"https:\/\/www.cm-evora.pt\/wp-content\/uploads\/2026\/04\/CME_2026_04_30_-_Ordem_do_dia.pdf\">https:\/\/www.cm-evora.pt\/wp-content\/uploads\/2026\/04\/CME_2026_04_30_-_Ordem_do_dia.pdf<\/a><\/p>\n\n\t\t<style type=\"text\/css\">\n\t\t\t#gallery-1 {\n\t\t\t\tmargin: auto;\n\t\t\t}\n\t\t\t#gallery-1 .gallery-item {\n\t\t\t\tfloat: left;\n\t\t\t\tmargin-top: 10px;\n\t\t\t\ttext-align: center;\n\t\t\t\twidth: 100%;\n\t\t\t}\n\t\t\t#gallery-1 img {\n\t\t\t\tborder: 2px solid #cfcfcf;\n\t\t\t}\n\t\t\t#gallery-1 .gallery-caption {\n\t\t\t\tmargin-left: 0;\n\t\t\t}\n\t\t\t\/* see gallery_shortcode() in wp-includes\/media.php *\/\n\t\t<\/style>\n\t\t<div id='gallery-1' class='gallery galleryid-83665 gallery-columns-1 gallery-size-full'><dl class='gallery-item'>\n\t\t\t<dt class='gallery-icon landscape'>\n\t\t\t\t<a href='https:\/\/www.cm-evora.pt\/wp-content\/uploads\/2026\/04\/CMElogo-1.jpg'><img loading=\"lazy\" decoding=\"async\" width=\"1920\" height=\"1281\" src=\"https:\/\/www.cm-evora.pt\/wp-content\/uploads\/2026\/04\/CMElogo-1.jpg\" class=\"attachment-full size-full\" alt=\"\" srcset=\"https:\/\/www.cm-evora.pt\/wp-content\/uploads\/2026\/04\/CMElogo-1.jpg 1920w, https:\/\/www.cm-evora.pt\/wp-content\/uploads\/2026\/04\/CMElogo-1-300x200.jpg 300w, https:\/\/www.cm-evora.pt\/wp-content\/uploads\/2026\/04\/CMElogo-1-1024x683.jpg 1024w, https:\/\/www.cm-evora.pt\/wp-content\/uploads\/2026\/04\/CMElogo-1-768x512.jpg 768w, https:\/\/www.cm-evora.pt\/wp-content\/uploads\/2026\/04\/CMElogo-1-1536x1025.jpg 1536w, https:\/\/www.cm-evora.pt\/wp-content\/uploads\/2026\/04\/CMElogo-1-1320x881.jpg 1320w\" sizes=\"auto, (max-width: 1920px) 100vw, 1920px\" \/><\/a>\n\t\t\t<\/dt><\/dl><br style=\"clear: both\" \/>\n\t\t<\/div>\n\n<p>&nbsp;<\/p>","protected":false},"excerpt":{"rendered":"<p>Sorry, this entry is only available in Portugu\u00eas.A C\u00e2mara Municipal de \u00c9vora realiza a sua reuni\u00e3o p\u00fablica no dia 30 de abril (quinta-feira), a partir das 15 horas, no Sal\u00e3o Nobre do edif\u00edcio dos Pa\u00e7os do Concelho. Pode assistir \u00e0 reuni\u00e3o em direto na internet atrav\u00e9s do seguinte endere\u00e7o: https:\/\/www.youtube.com\/watch?v=P0KI8YYiUpY A ordem de trabalhos \u00e9 [&hellip;]<\/p>\n","protected":false},"author":81,"featured_media":83666,"comment_status":"closed","ping_status":"closed","sticky":false,"template":"","format":"standard","meta":{"_acf_changed":false,"footnotes":""},"categories":[2110],"tags":[],"class_list":["post-83665","post","type-post","status-publish","format-standard","has-post-thumbnail","hentry","category-noticias"],"acf":{"imagens":"","destaq_image":83666,"titulo_docs_seccao":"","documentos":""},"_links":{"self":[{"href":"https:\/\/www.cm-evora.pt\/en\/wp-json\/wp\/v2\/posts\/83665","targetHints":{"allow":["GET"]}}],"collection":[{"href":"https:\/\/www.cm-evora.pt\/en\/wp-json\/wp\/v2\/posts"}],"about":[{"href":"https:\/\/www.cm-evora.pt\/en\/wp-json\/wp\/v2\/types\/post"}],"author":[{"embeddable":true,"href":"https:\/\/www.cm-evora.pt\/en\/wp-json\/wp\/v2\/users\/81"}],"replies":[{"embeddable":true,"href":"https:\/\/www.cm-evora.pt\/en\/wp-json\/wp\/v2\/comments?post=83665"}],"version-history":[{"count":1,"href":"https:\/\/www.cm-evora.pt\/en\/wp-json\/wp\/v2\/posts\/83665\/revisions"}],"predecessor-version":[{"id":83667,"href":"https:\/\/www.cm-evora.pt\/en\/wp-json\/wp\/v2\/posts\/83665\/revisions\/83667"}],"wp:featuredmedia":[{"embeddable":true,"href":"https:\/\/www.cm-evora.pt\/en\/wp-json\/wp\/v2\/media\/83666"}],"wp:attachment":[{"href":"https:\/\/www.cm-evora.pt\/en\/wp-json\/wp\/v2\/media?parent=83665"}],"wp:term":[{"taxonomy":"category","embeddable":true,"href":"https:\/\/www.cm-evora.pt\/en\/wp-json\/wp\/v2\/categories?post=83665"},{"taxonomy":"post_tag","embeddable":true,"href":"https:\/\/www.cm-evora.pt\/en\/wp-json\/wp\/v2\/tags?post=83665"}],"curies":[{"name":"wp","href":"https:\/\/api.w.org\/{rel}","templated":true}]}}