{"id":83688,"date":"2026-04-30T12:55:54","date_gmt":"2026-04-30T11:55:54","guid":{"rendered":"https:\/\/www.cm-evora.pt\/?p=83688"},"modified":"2026-04-30T12:55:54","modified_gmt":"2026-04-30T11:55:54","slug":"feira-do-livro-de-evora-comeca-no-sabado-com-camoes-em-destaque","status":"publish","type":"post","link":"https:\/\/www.cm-evora.pt\/en\/feira-do-livro-de-evora-comeca-no-sabado-com-camoes-em-destaque\/","title":{"rendered":"(Portugu\u00eas) FEIRA DO LIVRO DE \u00c9VORA COME\u00c7A NO S\u00c1BADO COM CAM\u00d5ES EM DESTAQUE"},"content":{"rendered":"<p class=\"qtranxs-available-languages-message qtranxs-available-languages-message-en\">Sorry, this entry is only available in <a href=\"https:\/\/www.cm-evora.pt\/pt\/wp-json\/wp\/v2\/posts\/83688\" class=\"qtranxs-available-language-link qtranxs-available-language-link-pt\" title=\"Portugu\u00eas\">Portugu\u00eas<\/a>.<\/p><p>EDI\u00c7\u00c3O DE 2026 DECORRE DE 02 A 09 DE MAIO NA ENVOLVENTE AO TEMPLO ROMANO<\/p>\n<p><strong>O V Centen\u00e1rio do Nascimento de Lu\u00eds de Cam\u00f5es \u00e9 o tema em destaque na inaugura\u00e7\u00e3o da Feira do Livro de \u00c9vora. A festa dos livros e da literatura arranca j\u00e1 no s\u00e1bado, \u00e0s 10h00, na Biblioteca P\u00fablica, com a presen\u00e7a do Presidente da C\u00e2mara, Carlos Zorrinho. \u00a0A cerim\u00f3nia integra uma confer\u00eancia pelo Professor Jos\u00e9 Augusto Bernardes, Comiss\u00e1rio da estrutura de miss\u00e3o para as comemora\u00e7\u00f5es dos 500 anos do nascimento de Cam\u00f5es. <\/strong><\/p>\n<p>Ainda no primeiro dia de Feira do Livro, \u00e0s 17hh00, destaque para a presen\u00e7a de Pilar del Rio, Presidente da Funda\u00e7\u00e3o Jos\u00e9 Saramago, para uma conversa moderada por Antonio Saez Delgado sobre o \u00fanico Nobel da Literatura portugu\u00eas.\u00a0 No domingo, dia 03, \u00e0s 16h00, realce para uma conversa sobre o Jap\u00e3o no Alentejo, com David Lopes, Ana Paula Amendoeira e Tiago Salgueiro. Estes dois eventos acontecem no recinto da feira, no Templo Romano.<\/p>\n<p>Para o \u00faltimo dia, 09 de maio, refer\u00eancia para a vinda do Comboio Liter\u00e1rio, um evento de \u00e2mbito nacional que passar\u00e1 por \u00c9vora com um conjunto alargado de escritores, entre os quais Lu\u00edsa Sobral, Rodrigo Guedes de Carvalho, Daniel Sampaio, Moita Flores, Hugo Van der Ding, Pedro Chagas Freitas e, tamb\u00e9m, a angolana Ana Paula Tavares, vencedora do Pr\u00e9mio Cam\u00f5es 2025.<\/p>\n<p>Est\u00e1 tamb\u00e9m a decorrer a iniciativa \u201cO Livro da Minha Vida\u201d, projeto participativo que convida a popula\u00e7\u00e3o a partilhar as suas obras de refer\u00eancia, sendo os resultados apresentados durante a Feira do Livro. Quem desejar pode preencher o formul\u00e1rio online em <a href=\"https:\/\/www.cm-evora.pt\/formulario-iniciativa-o-livro-da-minha-vida\/\">https:\/\/www.cm-evora.pt\/formulario-iniciativa-o-livro-da-minha-vida\/<\/a>.<\/p>\n<p>Paralelamente \u00e0 literatura, temos um vasto programa de anima\u00e7\u00e3o com m\u00fasica, teatro e oficinas para todos os p\u00fablicos.<\/p>\n<p>Neste acontecimento liter\u00e1rio participam perto de 20 entidades e livrarias independentes da Cidade e de outros pontos do Pa\u00eds. A C\u00e2mara Municipal de \u00c9vora, entidade organizadora, tem como parceiros a Biblioteca P\u00fablica de \u00c9vora, a Funda\u00e7\u00e3o Eug\u00e9nio de Almeida e o Museu Nacional Frei Manuel do Cen\u00e1culo.<\/p>\n<p>A Feira do Livro vai estar aberta, diariamente, entre as 10h00 e as 20h00, com hor\u00e1rio alargado at\u00e9 \u00e0s 21h00 \u00e0 sexta e ao s\u00e1bado. O programa est\u00e1 dispon\u00edvel, em atualiza\u00e7\u00e3o permanente, em <a href=\"http:\/\/www.cm-evora.pt\">www.cm-evora.pt<\/a><\/p>\n<p>\n\t\t<style type=\"text\/css\">\n\t\t\t#gallery-1 {\n\t\t\t\tmargin: auto;\n\t\t\t}\n\t\t\t#gallery-1 .gallery-item {\n\t\t\t\tfloat: left;\n\t\t\t\tmargin-top: 10px;\n\t\t\t\ttext-align: center;\n\t\t\t\twidth: 100%;\n\t\t\t}\n\t\t\t#gallery-1 img {\n\t\t\t\tborder: 2px solid #cfcfcf;\n\t\t\t}\n\t\t\t#gallery-1 .gallery-caption {\n\t\t\t\tmargin-left: 0;\n\t\t\t}\n\t\t\t\/* see gallery_shortcode() in wp-includes\/media.php *\/\n\t\t<\/style>\n\t\t<div id='gallery-1' class='gallery galleryid-83688 gallery-columns-1 gallery-size-full'><dl class='gallery-item'>\n\t\t\t<dt class='gallery-icon portrait'>\n\t\t\t\t<a href='https:\/\/www.cm-evora.pt\/wp-content\/uploads\/2026\/04\/FLE_2026_web-1-scaled.jpg'><img loading=\"lazy\" decoding=\"async\" width=\"1863\" height=\"2560\" src=\"https:\/\/www.cm-evora.pt\/wp-content\/uploads\/2026\/04\/FLE_2026_web-1-scaled.jpg\" class=\"attachment-full size-full\" alt=\"\" srcset=\"https:\/\/www.cm-evora.pt\/wp-content\/uploads\/2026\/04\/FLE_2026_web-1-scaled.jpg 1863w, https:\/\/www.cm-evora.pt\/wp-content\/uploads\/2026\/04\/FLE_2026_web-1-218x300.jpg 218w, https:\/\/www.cm-evora.pt\/wp-content\/uploads\/2026\/04\/FLE_2026_web-1-745x1024.jpg 745w, https:\/\/www.cm-evora.pt\/wp-content\/uploads\/2026\/04\/FLE_2026_web-1-768x1056.jpg 768w, https:\/\/www.cm-evora.pt\/wp-content\/uploads\/2026\/04\/FLE_2026_web-1-1118x1536.jpg 1118w, https:\/\/www.cm-evora.pt\/wp-content\/uploads\/2026\/04\/FLE_2026_web-1-1490x2048.jpg 1490w, https:\/\/www.cm-evora.pt\/wp-content\/uploads\/2026\/04\/FLE_2026_web-1-1320x1814.jpg 1320w\" sizes=\"auto, (max-width: 1863px) 100vw, 1863px\" \/><\/a>\n\t\t\t<\/dt><\/dl><br style=\"clear: both\" \/>\n\t\t<\/div>\n<\/p>","protected":false},"excerpt":{"rendered":"<p>Sorry, this entry is only available in Portugu\u00eas.EDI\u00c7\u00c3O DE 2026 DECORRE DE 02 A 09 DE MAIO NA ENVOLVENTE AO TEMPLO ROMANO O V Centen\u00e1rio do Nascimento de Lu\u00eds de Cam\u00f5es \u00e9 o tema em destaque na inaugura\u00e7\u00e3o da Feira do Livro de \u00c9vora. A festa dos livros e da literatura arranca j\u00e1 no s\u00e1bado, [&hellip;]<\/p>\n","protected":false},"author":58,"featured_media":82810,"comment_status":"closed","ping_status":"closed","sticky":false,"template":"","format":"standard","meta":{"_acf_changed":false,"footnotes":""},"categories":[2110],"tags":[],"class_list":["post-83688","post","type-post","status-publish","format-standard","has-post-thumbnail","hentry","category-noticias"],"acf":{"imagens":"","destaq_image":82809,"titulo_docs_seccao":"","documentos":""},"_links":{"self":[{"href":"https:\/\/www.cm-evora.pt\/en\/wp-json\/wp\/v2\/posts\/83688","targetHints":{"allow":["GET"]}}],"collection":[{"href":"https:\/\/www.cm-evora.pt\/en\/wp-json\/wp\/v2\/posts"}],"about":[{"href":"https:\/\/www.cm-evora.pt\/en\/wp-json\/wp\/v2\/types\/post"}],"author":[{"embeddable":true,"href":"https:\/\/www.cm-evora.pt\/en\/wp-json\/wp\/v2\/users\/58"}],"replies":[{"embeddable":true,"href":"https:\/\/www.cm-evora.pt\/en\/wp-json\/wp\/v2\/comments?post=83688"}],"version-history":[{"count":1,"href":"https:\/\/www.cm-evora.pt\/en\/wp-json\/wp\/v2\/posts\/83688\/revisions"}],"predecessor-version":[{"id":83690,"href":"https:\/\/www.cm-evora.pt\/en\/wp-json\/wp\/v2\/posts\/83688\/revisions\/83690"}],"wp:featuredmedia":[{"embeddable":true,"href":"https:\/\/www.cm-evora.pt\/en\/wp-json\/wp\/v2\/media\/82810"}],"wp:attachment":[{"href":"https:\/\/www.cm-evora.pt\/en\/wp-json\/wp\/v2\/media?parent=83688"}],"wp:term":[{"taxonomy":"category","embeddable":true,"href":"https:\/\/www.cm-evora.pt\/en\/wp-json\/wp\/v2\/categories?post=83688"},{"taxonomy":"post_tag","embeddable":true,"href":"https:\/\/www.cm-evora.pt\/en\/wp-json\/wp\/v2\/tags?post=83688"}],"curies":[{"name":"wp","href":"https:\/\/api.w.org\/{rel}","templated":true}]}}