{"id":83703,"date":"2026-04-30T20:47:53","date_gmt":"2026-04-30T19:47:53","guid":{"rendered":"https:\/\/www.cm-evora.pt\/?p=83703"},"modified":"2026-04-30T20:47:53","modified_gmt":"2026-04-30T19:47:53","slug":"em-reuniao-publica-de-camara-30-de-abril-de-2026-camara-de-evora-aprovou-os-tramites-para-conclusao-da-obra-das-rede-de-aguas-de-s-mancos","status":"publish","type":"post","link":"https:\/\/www.cm-evora.pt\/en\/em-reuniao-publica-de-camara-30-de-abril-de-2026-camara-de-evora-aprovou-os-tramites-para-conclusao-da-obra-das-rede-de-aguas-de-s-mancos\/","title":{"rendered":"(Portugu\u00eas) Em reuni\u00e3o p\u00fablica de C\u00e2mara 30 de abril de 2026:  C\u00e2mara de \u00c9vora aprovou os tr\u00e2mites para conclus\u00e3o da obra das rede de \u00e1guas de S. Man\u00e7os"},"content":{"rendered":"<p class=\"qtranxs-available-languages-message qtranxs-available-languages-message-en\">Sorry, this entry is only available in <a href=\"https:\/\/www.cm-evora.pt\/pt\/wp-json\/wp\/v2\/posts\/83703\" class=\"qtranxs-available-language-link qtranxs-available-language-link-pt\" title=\"Portugu\u00eas\">Portugu\u00eas<\/a>.<\/p><p><\/p>\n<p align=\"justify\"><span style=\"font-size: large\">A C\u00e2mara Municipal de \u00c9vora aprovou por unanimidade a modifica\u00e7\u00e3o do contrato para a remodela\u00e7\u00e3o da rede p\u00fablica de \u00e1gua e rede pluvial de S. Man\u00e7os que permitir\u00e1 concluir a obra e disponibilizar melhores servi\u00e7os \u00e0 popula\u00e7\u00e3o.<\/span><\/p>\n<p align=\"justify\"><span style=\"font-size: large\">De entre um conjunto de propostas aprovadas nas mais diversas \u00e1reas municipais, destaca-se tamb\u00e9m a do Dossier Expositor da Mostra Atividades Econ\u00f3micas da Feira de S. Jo\u00e3o 2026 e a do edital do concurso p\u00fablico para concess\u00e3o do direito de explora\u00e7\u00e3o de bar e quiosque do Templo Diana, tal como o Plano Municipal para a Igualdade de G\u00e9nero e N\u00e3o Discrimina\u00e7\u00e3o &#8220;Tecer Redes para a Igualdade&#8221; e a Equipa para a Igualdade na Vida Local.<\/span><\/p>\n<p align=\"justify\"><span style=\"font-size: large\">Foram ainda aprovadas duas propostas, uma apresentada pelos Vereadores eleitos pela AD\u2014\u00c9vora Tem Mais Futuro, referente \u00e0 Implementa\u00e7\u00e3o de Sistema de Videovigil\u00e2ncia no Centro Hist\u00f3rico de \u00c9vora \u2014 in\u00edcio de procedimento; e outra, proposta pelo Vereador do CHEGA, acerca da Implementa\u00e7\u00e3o de Plano Municipal de Reavalia\u00e7\u00e3o e Corre\u00e7\u00e3o de Acessibilidades.<\/span><\/p>\n<p align=\"justify\"><span style=\"font-size: large\">No per\u00edodo Antes da Ordem do Dia, o Presidente Carlos Zorrinho e os Vereadores com Pelouros deram um conjunto de informa\u00e7\u00f5es e prestaram esclarecimentos acerca de v\u00e1rias mat\u00e9rias. Destas, destacam-se as Comemora\u00e7\u00f5es da Liberdade e da Democracia; a Feira do Livro de \u00c9vora, a visita de trabalho organizada pela Presid\u00eancia da Uni\u00e3o Europeia de v\u00e1rios representantes dos pa\u00edses membros no in\u00edcio de maio, os preparativos para a Feira de S. Jo\u00e3o e para o Dia da Cidade, o andamento do Plano de Urbaniza\u00e7\u00e3o e o apoio aos Jogos Nacionais dos Salesianos, entre outras.<\/span><\/p>\n<p align=\"justify\"><span style=\"font-size: large\">A C\u00e2mara Municipal de \u00c9vora aprovou ainda um conjunto de outras propostas e votos propostos pelas diversas for\u00e7as pol\u00edticas: votos de sauda\u00e7\u00e3o ao 40\u00ba anivers\u00e1rio da R\u00e1dio Diana; ao 132.\u00ba anivers\u00e1rio da Sociedade Recreativa e Dram\u00e1tica Eborense; ao atleta Rodrigo Socorro \u2013 Clube de Rugby de \u00c9vora; \u00e0s atletas Raquel Caba\u00e7o e Guilhermina Rebola; ao Dia Internacional do Trabalhador; ao 1\u00ba de Maio; \u00e0 Banda \u201cVizinhos\u201d; \u00e0 Escola de Sa\u00fade e Desenvolvimento Humano da Universidade de \u00c9vora; \u00e0 investigadora da Universidade de \u00c9vora, Mariana Caldeira Gon\u00e7alves; ao Grupo Desportivo de S. Man\u00e7os, Grupo Desportivo e Cultural da Tourega, Rancho Flor do Alto Alentejo e Sociedade Harmonia Eborense pelos seus anivers\u00e1rios; ao Dia Mundial da Seguran\u00e7a no Trabalho; aos atletas de FootGolf, Pedro Brito e Pedro J. Brito; \u00e0 equipa de Sub-13 do Juventude Sport Clube. Foi tamb\u00e9m aprovado um voto de pesar pelo falecimento do ator do CENDREV, Rui Nuno e feito um minuto de sil\u00eancio.<\/span><\/p>\n<p align=\"justify\"><span style=\"font-size: large\">Relembramos que pode ainda assistir \u00e0 reuni\u00e3o p\u00fablica na \u00edntegra em <a href=\"https:\/\/www.youtube.com\/watch?v=P0KI8YYiUpY\">https:\/\/www.youtube.com\/watch?v=P0KI8YYiUpY<\/a><\/span><\/p>\n\n\t\t<style type=\"text\/css\">\n\t\t\t#gallery-1 {\n\t\t\t\tmargin: auto;\n\t\t\t}\n\t\t\t#gallery-1 .gallery-item {\n\t\t\t\tfloat: left;\n\t\t\t\tmargin-top: 10px;\n\t\t\t\ttext-align: center;\n\t\t\t\twidth: 33%;\n\t\t\t}\n\t\t\t#gallery-1 img {\n\t\t\t\tborder: 2px solid #cfcfcf;\n\t\t\t}\n\t\t\t#gallery-1 .gallery-caption {\n\t\t\t\tmargin-left: 0;\n\t\t\t}\n\t\t\t\/* see gallery_shortcode() in wp-includes\/media.php *\/\n\t\t<\/style>\n\t\t<div id='gallery-1' class='gallery galleryid-83703 gallery-columns-3 gallery-size-full'><dl class='gallery-item'>\n\t\t\t<dt class='gallery-icon landscape'>\n\t\t\t\t<a href='https:\/\/www.cm-evora.pt\/wp-content\/uploads\/2026\/04\/DSC_4027-1.jpg'><img loading=\"lazy\" decoding=\"async\" width=\"1920\" height=\"1280\" src=\"https:\/\/www.cm-evora.pt\/wp-content\/uploads\/2026\/04\/DSC_4027-1.jpg\" class=\"attachment-full size-full\" alt=\"\" srcset=\"https:\/\/www.cm-evora.pt\/wp-content\/uploads\/2026\/04\/DSC_4027-1.jpg 1920w, https:\/\/www.cm-evora.pt\/wp-content\/uploads\/2026\/04\/DSC_4027-1-300x200.jpg 300w, https:\/\/www.cm-evora.pt\/wp-content\/uploads\/2026\/04\/DSC_4027-1-1024x683.jpg 1024w, https:\/\/www.cm-evora.pt\/wp-content\/uploads\/2026\/04\/DSC_4027-1-768x512.jpg 768w, https:\/\/www.cm-evora.pt\/wp-content\/uploads\/2026\/04\/DSC_4027-1-1536x1024.jpg 1536w, https:\/\/www.cm-evora.pt\/wp-content\/uploads\/2026\/04\/DSC_4027-1-1320x880.jpg 1320w\" sizes=\"auto, (max-width: 1920px) 100vw, 1920px\" \/><\/a>\n\t\t\t<\/dt><\/dl><dl class='gallery-item'>\n\t\t\t<dt class='gallery-icon landscape'>\n\t\t\t\t<a href='https:\/\/www.cm-evora.pt\/wp-content\/uploads\/2026\/04\/DSC_4031-1.jpg'><img loading=\"lazy\" decoding=\"async\" width=\"1920\" height=\"1280\" src=\"https:\/\/www.cm-evora.pt\/wp-content\/uploads\/2026\/04\/DSC_4031-1.jpg\" class=\"attachment-full size-full\" alt=\"\" srcset=\"https:\/\/www.cm-evora.pt\/wp-content\/uploads\/2026\/04\/DSC_4031-1.jpg 1920w, https:\/\/www.cm-evora.pt\/wp-content\/uploads\/2026\/04\/DSC_4031-1-300x200.jpg 300w, https:\/\/www.cm-evora.pt\/wp-content\/uploads\/2026\/04\/DSC_4031-1-1024x683.jpg 1024w, https:\/\/www.cm-evora.pt\/wp-content\/uploads\/2026\/04\/DSC_4031-1-768x512.jpg 768w, https:\/\/www.cm-evora.pt\/wp-content\/uploads\/2026\/04\/DSC_4031-1-1536x1024.jpg 1536w, https:\/\/www.cm-evora.pt\/wp-content\/uploads\/2026\/04\/DSC_4031-1-1320x880.jpg 1320w\" sizes=\"auto, (max-width: 1920px) 100vw, 1920px\" \/><\/a>\n\t\t\t<\/dt><\/dl><dl class='gallery-item'>\n\t\t\t<dt class='gallery-icon landscape'>\n\t\t\t\t<a href='https:\/\/www.cm-evora.pt\/wp-content\/uploads\/2026\/04\/DSC_4032-1.jpg'><img loading=\"lazy\" decoding=\"async\" width=\"1920\" height=\"1280\" src=\"https:\/\/www.cm-evora.pt\/wp-content\/uploads\/2026\/04\/DSC_4032-1.jpg\" class=\"attachment-full size-full\" alt=\"\" srcset=\"https:\/\/www.cm-evora.pt\/wp-content\/uploads\/2026\/04\/DSC_4032-1.jpg 1920w, https:\/\/www.cm-evora.pt\/wp-content\/uploads\/2026\/04\/DSC_4032-1-300x200.jpg 300w, https:\/\/www.cm-evora.pt\/wp-content\/uploads\/2026\/04\/DSC_4032-1-1024x683.jpg 1024w, https:\/\/www.cm-evora.pt\/wp-content\/uploads\/2026\/04\/DSC_4032-1-768x512.jpg 768w, https:\/\/www.cm-evora.pt\/wp-content\/uploads\/2026\/04\/DSC_4032-1-1536x1024.jpg 1536w, https:\/\/www.cm-evora.pt\/wp-content\/uploads\/2026\/04\/DSC_4032-1-1320x880.jpg 1320w\" sizes=\"auto, (max-width: 1920px) 100vw, 1920px\" \/><\/a>\n\t\t\t<\/dt><\/dl><br style=\"clear: both\" \/>\n\t\t<\/div>\n\n<p align=\"justify\">\n<p align=\"justify\">\n<p><\/p>","protected":false},"excerpt":{"rendered":"<p>Sorry, this entry is only available in Portugu\u00eas. A C\u00e2mara Municipal de \u00c9vora aprovou por unanimidade a modifica\u00e7\u00e3o do contrato para a remodela\u00e7\u00e3o da rede p\u00fablica de \u00e1gua e rede pluvial de S. Man\u00e7os que permitir\u00e1 concluir a obra e disponibilizar melhores servi\u00e7os \u00e0 popula\u00e7\u00e3o. De entre um conjunto de propostas aprovadas nas mais diversas [&hellip;]<\/p>\n","protected":false},"author":81,"featured_media":83704,"comment_status":"closed","ping_status":"closed","sticky":false,"template":"","format":"standard","meta":{"_acf_changed":false,"footnotes":""},"categories":[2110],"tags":[],"class_list":["post-83703","post","type-post","status-publish","format-standard","has-post-thumbnail","hentry","category-noticias"],"acf":{"imagens":"","destaq_image":83707,"titulo_docs_seccao":"","documentos":""},"_links":{"self":[{"href":"https:\/\/www.cm-evora.pt\/en\/wp-json\/wp\/v2\/posts\/83703","targetHints":{"allow":["GET"]}}],"collection":[{"href":"https:\/\/www.cm-evora.pt\/en\/wp-json\/wp\/v2\/posts"}],"about":[{"href":"https:\/\/www.cm-evora.pt\/en\/wp-json\/wp\/v2\/types\/post"}],"author":[{"embeddable":true,"href":"https:\/\/www.cm-evora.pt\/en\/wp-json\/wp\/v2\/users\/81"}],"replies":[{"embeddable":true,"href":"https:\/\/www.cm-evora.pt\/en\/wp-json\/wp\/v2\/comments?post=83703"}],"version-history":[{"count":1,"href":"https:\/\/www.cm-evora.pt\/en\/wp-json\/wp\/v2\/posts\/83703\/revisions"}],"predecessor-version":[{"id":83708,"href":"https:\/\/www.cm-evora.pt\/en\/wp-json\/wp\/v2\/posts\/83703\/revisions\/83708"}],"wp:featuredmedia":[{"embeddable":true,"href":"https:\/\/www.cm-evora.pt\/en\/wp-json\/wp\/v2\/media\/83704"}],"wp:attachment":[{"href":"https:\/\/www.cm-evora.pt\/en\/wp-json\/wp\/v2\/media?parent=83703"}],"wp:term":[{"taxonomy":"category","embeddable":true,"href":"https:\/\/www.cm-evora.pt\/en\/wp-json\/wp\/v2\/categories?post=83703"},{"taxonomy":"post_tag","embeddable":true,"href":"https:\/\/www.cm-evora.pt\/en\/wp-json\/wp\/v2\/tags?post=83703"}],"curies":[{"name":"wp","href":"https:\/\/api.w.org\/{rel}","templated":true}]}}