{"id":89046,"date":"2026-09-01T15:35:22","date_gmt":"2026-09-01T14:35:22","guid":{"rendered":"https:\/\/www.cm-evora.pt\/?p=89046"},"modified":"2026-09-01T15:35:22","modified_gmt":"2026-09-01T14:35:22","slug":"camara-de-evora-recebeu-delegacao-municipal-japonesa-de-ibaraki","status":"publish","type":"post","link":"https:\/\/www.cm-evora.pt\/en\/camara-de-evora-recebeu-delegacao-municipal-japonesa-de-ibaraki\/","title":{"rendered":"(Portugu\u00eas) C\u00e2mara de \u00c9vora recebeu delega\u00e7\u00e3o municipal japonesa de Ibaraki"},"content":{"rendered":"<p class=\"qtranxs-available-languages-message qtranxs-available-languages-message-en\">Sorry, this entry is only available in <a href=\"https:\/\/www.cm-evora.pt\/pt\/wp-json\/wp\/v2\/posts\/89046\" class=\"qtranxs-available-language-link qtranxs-available-language-link-pt\" title=\"Portugu\u00eas\">Portugu\u00eas<\/a>.<\/p><p><strong>C\u00e2mara de \u00c9vora recebeu delega\u00e7\u00e3o municipal japonesa de Ibaraki<\/strong><\/p>\n<p><strong>\u00a0<\/strong><strong>O Presidente da C\u00e2mara Municipal de \u00c9vora, Carlos Zorrinho, recebeu hoje, 01 de setembro, no Sal\u00e3o Nobre dos Pa\u00e7os do Concelho, uma delega\u00e7\u00e3o japonesa composta por funcion\u00e1rios p\u00fablicos oriundos de diversos munic\u00edpios da Prefeitura de Ibaraki, localizada a nordeste da cidade de T\u00f3quio. O foco da visita incidiu no funcionamento dos sistemas agroalimentares na nossa regi\u00e3o, tendo inclu\u00eddo, ainda, uma passagem pela Universidade de \u00c9vora. <\/strong><\/p>\n<p>O estudo dos planos administrativos nos campos da ecologia e da sustentabilidade foram objeto de interesse por parte da comitiva nip\u00f3nica, cujo porta-voz foi Mitsukoshi Kazuto, representante do gabinete do Presidente da C\u00e2mara de Tsukuba-Mirai.<\/p>\n<p>Na rece\u00e7\u00e3o concedida, Carlos Zorrinho fez quest\u00e3o de sublinhar a hist\u00f3rica rela\u00e7\u00e3o entre \u00c9vora e o Jap\u00e3o, iniciada em 1582 quando a miss\u00e3o Tensho, primeira embaixada enviada pelo Jap\u00e3o \u00e0 Europa, fez escala nesta cidade. A chefe de gabinete do Presidente da C\u00e2mara, Teresa Batista, deu a conhecer a hist\u00f3ria e os principais projetos de desenvolvimento para o nosso concelho.<\/p>\n<p>\n\t\t<style>\n\t\t\t#gallery-1 {\n\t\t\t\tmargin: auto;\n\t\t\t}\n\t\t\t#gallery-1 .gallery-item {\n\t\t\t\tfloat: left;\n\t\t\t\tmargin-top: 10px;\n\t\t\t\ttext-align: center;\n\t\t\t\twidth: 33%;\n\t\t\t}\n\t\t\t#gallery-1 img {\n\t\t\t\tborder: 2px solid #cfcfcf;\n\t\t\t}\n\t\t\t#gallery-1 .gallery-caption {\n\t\t\t\tmargin-left: 0;\n\t\t\t}\n\t\t\t\/* see gallery_shortcode() in wp-includes\/media.php *\/\n\t\t<\/style>\n\t\t<div id='gallery-1' class='gallery galleryid-89046 gallery-columns-3 gallery-size-full'><dl class='gallery-item'>\n\t\t\t<dt class='gallery-icon landscape'>\n\t\t\t\t<a href='https:\/\/www.cm-evora.pt\/wp-content\/uploads\/2026\/09\/DSC_3659-scaled.jpg'><img loading=\"lazy\" decoding=\"async\" width=\"2560\" height=\"1707\" src=\"https:\/\/www.cm-evora.pt\/wp-content\/uploads\/2026\/09\/DSC_3659-scaled.jpg\" class=\"attachment-full size-full\" alt=\"\" srcset=\"https:\/\/www.cm-evora.pt\/wp-content\/uploads\/2026\/09\/DSC_3659-scaled.jpg 2560w, https:\/\/www.cm-evora.pt\/wp-content\/uploads\/2026\/09\/DSC_3659-300x200.jpg 300w, https:\/\/www.cm-evora.pt\/wp-content\/uploads\/2026\/09\/DSC_3659-1024x683.jpg 1024w, https:\/\/www.cm-evora.pt\/wp-content\/uploads\/2026\/09\/DSC_3659-768x512.jpg 768w, https:\/\/www.cm-evora.pt\/wp-content\/uploads\/2026\/09\/DSC_3659-1536x1024.jpg 1536w, https:\/\/www.cm-evora.pt\/wp-content\/uploads\/2026\/09\/DSC_3659-2048x1365.jpg 2048w, https:\/\/www.cm-evora.pt\/wp-content\/uploads\/2026\/09\/DSC_3659-1320x880.jpg 1320w\" sizes=\"auto, (max-width: 2560px) 100vw, 2560px\" \/><\/a>\n\t\t\t<\/dt><\/dl><dl class='gallery-item'>\n\t\t\t<dt class='gallery-icon landscape'>\n\t\t\t\t<a href='https:\/\/www.cm-evora.pt\/wp-content\/uploads\/2026\/09\/DSC_3669-scaled.jpg'><img loading=\"lazy\" decoding=\"async\" width=\"2560\" height=\"2087\" src=\"https:\/\/www.cm-evora.pt\/wp-content\/uploads\/2026\/09\/DSC_3669-scaled.jpg\" class=\"attachment-full size-full\" alt=\"\" srcset=\"https:\/\/www.cm-evora.pt\/wp-content\/uploads\/2026\/09\/DSC_3669-scaled.jpg 2560w, https:\/\/www.cm-evora.pt\/wp-content\/uploads\/2026\/09\/DSC_3669-300x245.jpg 300w, https:\/\/www.cm-evora.pt\/wp-content\/uploads\/2026\/09\/DSC_3669-1024x835.jpg 1024w, https:\/\/www.cm-evora.pt\/wp-content\/uploads\/2026\/09\/DSC_3669-768x626.jpg 768w, https:\/\/www.cm-evora.pt\/wp-content\/uploads\/2026\/09\/DSC_3669-1536x1252.jpg 1536w, https:\/\/www.cm-evora.pt\/wp-content\/uploads\/2026\/09\/DSC_3669-2048x1670.jpg 2048w, https:\/\/www.cm-evora.pt\/wp-content\/uploads\/2026\/09\/DSC_3669-1320x1076.jpg 1320w\" sizes=\"auto, (max-width: 2560px) 100vw, 2560px\" \/><\/a>\n\t\t\t<\/dt><\/dl><dl class='gallery-item'>\n\t\t\t<dt class='gallery-icon landscape'>\n\t\t\t\t<a href='https:\/\/www.cm-evora.pt\/wp-content\/uploads\/2026\/09\/DSC_3677-scaled.jpg'><img loading=\"lazy\" decoding=\"async\" width=\"2560\" height=\"1707\" src=\"https:\/\/www.cm-evora.pt\/wp-content\/uploads\/2026\/09\/DSC_3677-scaled.jpg\" class=\"attachment-full size-full\" alt=\"\" srcset=\"https:\/\/www.cm-evora.pt\/wp-content\/uploads\/2026\/09\/DSC_3677-scaled.jpg 2560w, https:\/\/www.cm-evora.pt\/wp-content\/uploads\/2026\/09\/DSC_3677-300x200.jpg 300w, https:\/\/www.cm-evora.pt\/wp-content\/uploads\/2026\/09\/DSC_3677-1024x683.jpg 1024w, https:\/\/www.cm-evora.pt\/wp-content\/uploads\/2026\/09\/DSC_3677-768x512.jpg 768w, https:\/\/www.cm-evora.pt\/wp-content\/uploads\/2026\/09\/DSC_3677-1536x1024.jpg 1536w, https:\/\/www.cm-evora.pt\/wp-content\/uploads\/2026\/09\/DSC_3677-2048x1365.jpg 2048w, https:\/\/www.cm-evora.pt\/wp-content\/uploads\/2026\/09\/DSC_3677-1320x880.jpg 1320w\" sizes=\"auto, (max-width: 2560px) 100vw, 2560px\" \/><\/a>\n\t\t\t<\/dt><\/dl><br style=\"clear: both\" \/><dl class='gallery-item'>\n\t\t\t<dt class='gallery-icon landscape'>\n\t\t\t\t<a href='https:\/\/www.cm-evora.pt\/wp-content\/uploads\/2026\/09\/DSC_3682-scaled.jpg'><img loading=\"lazy\" decoding=\"async\" width=\"2560\" height=\"1707\" src=\"https:\/\/www.cm-evora.pt\/wp-content\/uploads\/2026\/09\/DSC_3682-scaled.jpg\" class=\"attachment-full size-full\" alt=\"\" srcset=\"https:\/\/www.cm-evora.pt\/wp-content\/uploads\/2026\/09\/DSC_3682-scaled.jpg 2560w, https:\/\/www.cm-evora.pt\/wp-content\/uploads\/2026\/09\/DSC_3682-300x200.jpg 300w, https:\/\/www.cm-evora.pt\/wp-content\/uploads\/2026\/09\/DSC_3682-1024x683.jpg 1024w, https:\/\/www.cm-evora.pt\/wp-content\/uploads\/2026\/09\/DSC_3682-768x512.jpg 768w, https:\/\/www.cm-evora.pt\/wp-content\/uploads\/2026\/09\/DSC_3682-1536x1024.jpg 1536w, https:\/\/www.cm-evora.pt\/wp-content\/uploads\/2026\/09\/DSC_3682-2048x1365.jpg 2048w, https:\/\/www.cm-evora.pt\/wp-content\/uploads\/2026\/09\/DSC_3682-1320x880.jpg 1320w\" sizes=\"auto, (max-width: 2560px) 100vw, 2560px\" \/><\/a>\n\t\t\t<\/dt><\/dl><dl class='gallery-item'>\n\t\t\t<dt class='gallery-icon landscape'>\n\t\t\t\t<a href='https:\/\/www.cm-evora.pt\/wp-content\/uploads\/2026\/09\/DSC_3688-scaled.jpg'><img loading=\"lazy\" decoding=\"async\" width=\"2560\" height=\"1707\" src=\"https:\/\/www.cm-evora.pt\/wp-content\/uploads\/2026\/09\/DSC_3688-scaled.jpg\" class=\"attachment-full size-full\" alt=\"\" srcset=\"https:\/\/www.cm-evora.pt\/wp-content\/uploads\/2026\/09\/DSC_3688-scaled.jpg 2560w, https:\/\/www.cm-evora.pt\/wp-content\/uploads\/2026\/09\/DSC_3688-300x200.jpg 300w, https:\/\/www.cm-evora.pt\/wp-content\/uploads\/2026\/09\/DSC_3688-1024x683.jpg 1024w, https:\/\/www.cm-evora.pt\/wp-content\/uploads\/2026\/09\/DSC_3688-768x512.jpg 768w, https:\/\/www.cm-evora.pt\/wp-content\/uploads\/2026\/09\/DSC_3688-1536x1024.jpg 1536w, https:\/\/www.cm-evora.pt\/wp-content\/uploads\/2026\/09\/DSC_3688-2048x1365.jpg 2048w, https:\/\/www.cm-evora.pt\/wp-content\/uploads\/2026\/09\/DSC_3688-1320x880.jpg 1320w\" sizes=\"auto, (max-width: 2560px) 100vw, 2560px\" \/><\/a>\n\t\t\t<\/dt><\/dl><dl class='gallery-item'>\n\t\t\t<dt class='gallery-icon landscape'>\n\t\t\t\t<a href='https:\/\/www.cm-evora.pt\/wp-content\/uploads\/2026\/09\/DSC_3690-scaled.jpg'><img loading=\"lazy\" decoding=\"async\" width=\"2560\" height=\"1707\" src=\"https:\/\/www.cm-evora.pt\/wp-content\/uploads\/2026\/09\/DSC_3690-scaled.jpg\" class=\"attachment-full size-full\" alt=\"\" srcset=\"https:\/\/www.cm-evora.pt\/wp-content\/uploads\/2026\/09\/DSC_3690-scaled.jpg 2560w, https:\/\/www.cm-evora.pt\/wp-content\/uploads\/2026\/09\/DSC_3690-300x200.jpg 300w, https:\/\/www.cm-evora.pt\/wp-content\/uploads\/2026\/09\/DSC_3690-1024x683.jpg 1024w, https:\/\/www.cm-evora.pt\/wp-content\/uploads\/2026\/09\/DSC_3690-768x512.jpg 768w, https:\/\/www.cm-evora.pt\/wp-content\/uploads\/2026\/09\/DSC_3690-1536x1024.jpg 1536w, https:\/\/www.cm-evora.pt\/wp-content\/uploads\/2026\/09\/DSC_3690-2048x1365.jpg 2048w, https:\/\/www.cm-evora.pt\/wp-content\/uploads\/2026\/09\/DSC_3690-1320x880.jpg 1320w\" sizes=\"auto, (max-width: 2560px) 100vw, 2560px\" \/><\/a>\n\t\t\t<\/dt><\/dl><br style=\"clear: both\" \/><dl class='gallery-item'>\n\t\t\t<dt class='gallery-icon landscape'>\n\t\t\t\t<a href='https:\/\/www.cm-evora.pt\/wp-content\/uploads\/2026\/09\/DSC_3702-scaled.jpg'><img loading=\"lazy\" decoding=\"async\" width=\"2560\" height=\"1707\" src=\"https:\/\/www.cm-evora.pt\/wp-content\/uploads\/2026\/09\/DSC_3702-scaled.jpg\" class=\"attachment-full size-full\" alt=\"\" srcset=\"https:\/\/www.cm-evora.pt\/wp-content\/uploads\/2026\/09\/DSC_3702-scaled.jpg 2560w, https:\/\/www.cm-evora.pt\/wp-content\/uploads\/2026\/09\/DSC_3702-300x200.jpg 300w, https:\/\/www.cm-evora.pt\/wp-content\/uploads\/2026\/09\/DSC_3702-1024x683.jpg 1024w, https:\/\/www.cm-evora.pt\/wp-content\/uploads\/2026\/09\/DSC_3702-768x512.jpg 768w, https:\/\/www.cm-evora.pt\/wp-content\/uploads\/2026\/09\/DSC_3702-1536x1024.jpg 1536w, https:\/\/www.cm-evora.pt\/wp-content\/uploads\/2026\/09\/DSC_3702-2048x1365.jpg 2048w, https:\/\/www.cm-evora.pt\/wp-content\/uploads\/2026\/09\/DSC_3702-1320x880.jpg 1320w\" sizes=\"auto, (max-width: 2560px) 100vw, 2560px\" \/><\/a>\n\t\t\t<\/dt><\/dl><dl class='gallery-item'>\n\t\t\t<dt class='gallery-icon landscape'>\n\t\t\t\t<a href='https:\/\/www.cm-evora.pt\/wp-content\/uploads\/2026\/09\/DSC_3706-scaled.jpg'><img loading=\"lazy\" decoding=\"async\" width=\"2560\" height=\"1707\" src=\"https:\/\/www.cm-evora.pt\/wp-content\/uploads\/2026\/09\/DSC_3706-scaled.jpg\" class=\"attachment-full size-full\" alt=\"\" srcset=\"https:\/\/www.cm-evora.pt\/wp-content\/uploads\/2026\/09\/DSC_3706-scaled.jpg 2560w, https:\/\/www.cm-evora.pt\/wp-content\/uploads\/2026\/09\/DSC_3706-300x200.jpg 300w, https:\/\/www.cm-evora.pt\/wp-content\/uploads\/2026\/09\/DSC_3706-1024x683.jpg 1024w, https:\/\/www.cm-evora.pt\/wp-content\/uploads\/2026\/09\/DSC_3706-768x512.jpg 768w, https:\/\/www.cm-evora.pt\/wp-content\/uploads\/2026\/09\/DSC_3706-1536x1024.jpg 1536w, https:\/\/www.cm-evora.pt\/wp-content\/uploads\/2026\/09\/DSC_3706-2048x1365.jpg 2048w, https:\/\/www.cm-evora.pt\/wp-content\/uploads\/2026\/09\/DSC_3706-1320x880.jpg 1320w\" sizes=\"auto, (max-width: 2560px) 100vw, 2560px\" \/><\/a>\n\t\t\t<\/dt><\/dl><dl class='gallery-item'>\n\t\t\t<dt class='gallery-icon landscape'>\n\t\t\t\t<a href='https:\/\/www.cm-evora.pt\/wp-content\/uploads\/2026\/09\/DSC_3711-scaled.jpg'><img loading=\"lazy\" decoding=\"async\" width=\"2560\" height=\"1707\" src=\"https:\/\/www.cm-evora.pt\/wp-content\/uploads\/2026\/09\/DSC_3711-scaled.jpg\" class=\"attachment-full size-full\" alt=\"\" srcset=\"https:\/\/www.cm-evora.pt\/wp-content\/uploads\/2026\/09\/DSC_3711-scaled.jpg 2560w, https:\/\/www.cm-evora.pt\/wp-content\/uploads\/2026\/09\/DSC_3711-300x200.jpg 300w, https:\/\/www.cm-evora.pt\/wp-content\/uploads\/2026\/09\/DSC_3711-1024x683.jpg 1024w, https:\/\/www.cm-evora.pt\/wp-content\/uploads\/2026\/09\/DSC_3711-768x512.jpg 768w, https:\/\/www.cm-evora.pt\/wp-content\/uploads\/2026\/09\/DSC_3711-1536x1024.jpg 1536w, https:\/\/www.cm-evora.pt\/wp-content\/uploads\/2026\/09\/DSC_3711-2048x1365.jpg 2048w, https:\/\/www.cm-evora.pt\/wp-content\/uploads\/2026\/09\/DSC_3711-1320x880.jpg 1320w\" sizes=\"auto, (max-width: 2560px) 100vw, 2560px\" \/><\/a>\n\t\t\t<\/dt><\/dl><br style=\"clear: both\" \/><dl class='gallery-item'>\n\t\t\t<dt class='gallery-icon landscape'>\n\t\t\t\t<a href='https:\/\/www.cm-evora.pt\/wp-content\/uploads\/2026\/09\/DSC_3728-scaled.jpg'><img loading=\"lazy\" decoding=\"async\" width=\"2560\" height=\"1707\" src=\"https:\/\/www.cm-evora.pt\/wp-content\/uploads\/2026\/09\/DSC_3728-scaled.jpg\" class=\"attachment-full size-full\" alt=\"\" srcset=\"https:\/\/www.cm-evora.pt\/wp-content\/uploads\/2026\/09\/DSC_3728-scaled.jpg 2560w, https:\/\/www.cm-evora.pt\/wp-content\/uploads\/2026\/09\/DSC_3728-300x200.jpg 300w, https:\/\/www.cm-evora.pt\/wp-content\/uploads\/2026\/09\/DSC_3728-1024x683.jpg 1024w, https:\/\/www.cm-evora.pt\/wp-content\/uploads\/2026\/09\/DSC_3728-768x512.jpg 768w, https:\/\/www.cm-evora.pt\/wp-content\/uploads\/2026\/09\/DSC_3728-1536x1024.jpg 1536w, https:\/\/www.cm-evora.pt\/wp-content\/uploads\/2026\/09\/DSC_3728-2048x1365.jpg 2048w, https:\/\/www.cm-evora.pt\/wp-content\/uploads\/2026\/09\/DSC_3728-1320x880.jpg 1320w\" sizes=\"auto, (max-width: 2560px) 100vw, 2560px\" \/><\/a>\n\t\t\t<\/dt><\/dl>\n\t\t\t<br style='clear: both' \/>\n\t\t<\/div>\n<\/p>","protected":false},"excerpt":{"rendered":"<p>Sorry, this entry is only available in Portugu\u00eas.C\u00e2mara de \u00c9vora recebeu delega\u00e7\u00e3o municipal japonesa de Ibaraki \u00a0O Presidente da C\u00e2mara Municipal de \u00c9vora, Carlos Zorrinho, recebeu hoje, 01 de setembro, no Sal\u00e3o Nobre dos Pa\u00e7os do Concelho, uma delega\u00e7\u00e3o japonesa composta por funcion\u00e1rios p\u00fablicos oriundos de diversos munic\u00edpios da Prefeitura de Ibaraki, localizada a nordeste [&hellip;]<\/p>\n","protected":false},"author":54,"featured_media":89058,"comment_status":"closed","ping_status":"closed","sticky":false,"template":"","format":"standard","meta":{"_acf_changed":false,"footnotes":""},"categories":[2110],"tags":[],"class_list":["post-89046","post","type-post","status-publish","format-standard","has-post-thumbnail","hentry","category-noticias"],"acf":{"imagens":"","destaq_image":89058,"titulo_docs_seccao":"","documentos":""},"_links":{"self":[{"href":"https:\/\/www.cm-evora.pt\/en\/wp-json\/wp\/v2\/posts\/89046","targetHints":{"allow":["GET"]}}],"collection":[{"href":"https:\/\/www.cm-evora.pt\/en\/wp-json\/wp\/v2\/posts"}],"about":[{"href":"https:\/\/www.cm-evora.pt\/en\/wp-json\/wp\/v2\/types\/post"}],"author":[{"embeddable":true,"href":"https:\/\/www.cm-evora.pt\/en\/wp-json\/wp\/v2\/users\/54"}],"replies":[{"embeddable":true,"href":"https:\/\/www.cm-evora.pt\/en\/wp-json\/wp\/v2\/comments?post=89046"}],"version-history":[{"count":1,"href":"https:\/\/www.cm-evora.pt\/en\/wp-json\/wp\/v2\/posts\/89046\/revisions"}],"predecessor-version":[{"id":89059,"href":"https:\/\/www.cm-evora.pt\/en\/wp-json\/wp\/v2\/posts\/89046\/revisions\/89059"}],"wp:featuredmedia":[{"embeddable":true,"href":"https:\/\/www.cm-evora.pt\/en\/wp-json\/wp\/v2\/media\/89058"}],"wp:attachment":[{"href":"https:\/\/www.cm-evora.pt\/en\/wp-json\/wp\/v2\/media?parent=89046"}],"wp:term":[{"taxonomy":"category","embeddable":true,"href":"https:\/\/www.cm-evora.pt\/en\/wp-json\/wp\/v2\/categories?post=89046"},{"taxonomy":"post_tag","embeddable":true,"href":"https:\/\/www.cm-evora.pt\/en\/wp-json\/wp\/v2\/tags?post=89046"}],"curies":[{"name":"wp","href":"https:\/\/api.w.org\/{rel}","templated":true}]}}