{"id":89087,"date":"2026-09-02T10:54:14","date_gmt":"2026-09-02T09:54:14","guid":{"rendered":"https:\/\/www.cm-evora.pt\/?p=89087"},"modified":"2026-09-02T10:54:14","modified_gmt":"2026-09-02T09:54:14","slug":"bikevora-promove-uso-da-bicicleta-de-06-a-29-de-setembro","status":"publish","type":"post","link":"https:\/\/www.cm-evora.pt\/en\/bikevora-promove-uso-da-bicicleta-de-06-a-29-de-setembro\/","title":{"rendered":"(Portugu\u00eas) BIK\u00c9VORA promove uso da bicicleta de 06 a 29 de setembro"},"content":{"rendered":"<p class=\"qtranxs-available-languages-message qtranxs-available-languages-message-en\">Sorry, this entry is only available in <a href=\"https:\/\/www.cm-evora.pt\/pt\/wp-json\/wp\/v2\/posts\/89087\" class=\"qtranxs-available-language-link qtranxs-available-language-link-pt\" title=\"Portugu\u00eas\">Portugu\u00eas<\/a>.<\/p><p><strong>De 6 a 27 de setembro, \u00c9vora transforma-se na capital das duas rodas com a realiza\u00e7\u00e3o do BIK\u00c9VORA 2026, uma iniciativa promovida pela autarquia que promete dinamizar a cidade e envolver a popula\u00e7\u00e3o em diversas atividades ligadas \u00e0 mobilidade sustent\u00e1vel, ao desporto e \u00e0 vida em fam\u00edlia.<\/strong><\/p>\n<p>O BIK\u00c9VORA regressa \u00e0 cidade com um programa pensado para todas as idades, promovendo a mobilidade sustent\u00e1vel, a pr\u00e1tica desportiva, o conv\u00edvio e o gosto pela bicicleta. A iniciativa arranca j\u00e1 no dia 6 de setembro, com a Maratona de Cycling, na Pra\u00e7a 1.\u00ba de Maio, entre as 9h30 e as 12h30. As inscri\u00e7\u00f5es devem ser efetuadas nos gin\u00e1sios Be in Shape, Everybody, Clubes e Physical World.<\/p>\n<p>O ponto alto do programa acontece no fim de semana de 26 e 27 de setembro, no Complexo Desportivo de \u00c9vora, com a realiza\u00e7\u00e3o das provas BIKIDS (Bicicleta e Triciclo), Cronokids e Rampa Monumental. A iniciativa termina no domingo, dia 27, com o Passeio da Fam\u00edlia Color.<\/p>\n<p>Entretanto, ao longo do m\u00eas, decorrem diversas provas organizadas em parceria com associa\u00e7\u00f5es e coletividades desportivas do nosso concelho. No dia 13, pelas 9h00, tem lugar a 7.\u00aa Rota dos Cromeleques, uma Maratona BTT com partida e chegada nas Piscinas Municipais.<\/p>\n<p>Da programa\u00e7\u00e3o constam ainda atividades como o Passeio das Escolas, no dia 18, o sempre entusiasmante Passeio Noturno, no dia 19, e, no domingo, dia 20, o Passeio de Gravel.<\/p>\n<p>Ao longo de tr\u00eas semanas, o BIK\u00c9VORA convida a popula\u00e7\u00e3o a sair \u00e0 rua, pedalar e desfrutar da cidade, promovendo estilos de vida mais ativos e a utiliza\u00e7\u00e3o deste meio de transporte suave.<\/p>\n<p>Consulte a programa\u00e7\u00e3o completa no site do Munic\u00edpio de \u00c9vora e fique atento \u00e0s inscri\u00e7\u00f5es. Saiba mais em <a href=\"https:\/\/www.cm-evora.pt\/eventos\/bikevora-2026\/\">https:\/\/www.cm-evora.pt\/eventos\/bikevora-2026\/<\/a>.<\/p>\n<p>\n\t\t<style>\n\t\t\t#gallery-1 {\n\t\t\t\tmargin: auto;\n\t\t\t}\n\t\t\t#gallery-1 .gallery-item {\n\t\t\t\tfloat: left;\n\t\t\t\tmargin-top: 10px;\n\t\t\t\ttext-align: center;\n\t\t\t\twidth: 33%;\n\t\t\t}\n\t\t\t#gallery-1 img {\n\t\t\t\tborder: 2px solid #cfcfcf;\n\t\t\t}\n\t\t\t#gallery-1 .gallery-caption {\n\t\t\t\tmargin-left: 0;\n\t\t\t}\n\t\t\t\/* see gallery_shortcode() in wp-includes\/media.php *\/\n\t\t<\/style>\n\t\t<div id='gallery-1' class='gallery galleryid-89087 gallery-columns-3 gallery-size-full'><dl class='gallery-item'>\n\t\t\t<dt class='gallery-icon portrait'>\n\t\t\t\t<a href='https:\/\/www.cm-evora.pt\/wp-content\/uploads\/2026\/08\/AF_SEM-VoltaEscolasBicicleta-scaled.png'><img loading=\"lazy\" decoding=\"async\" width=\"1810\" height=\"2560\" src=\"https:\/\/www.cm-evora.pt\/wp-content\/uploads\/2026\/08\/AF_SEM-VoltaEscolasBicicleta-scaled.png\" class=\"attachment-full size-full\" alt=\"\" srcset=\"https:\/\/www.cm-evora.pt\/wp-content\/uploads\/2026\/08\/AF_SEM-VoltaEscolasBicicleta-scaled.png 1810w, https:\/\/www.cm-evora.pt\/wp-content\/uploads\/2026\/08\/AF_SEM-VoltaEscolasBicicleta-212x300.png 212w, https:\/\/www.cm-evora.pt\/wp-content\/uploads\/2026\/08\/AF_SEM-VoltaEscolasBicicleta-724x1024.png 724w, https:\/\/www.cm-evora.pt\/wp-content\/uploads\/2026\/08\/AF_SEM-VoltaEscolasBicicleta-768x1086.png 768w, https:\/\/www.cm-evora.pt\/wp-content\/uploads\/2026\/08\/AF_SEM-VoltaEscolasBicicleta-1086x1536.png 1086w, https:\/\/www.cm-evora.pt\/wp-content\/uploads\/2026\/08\/AF_SEM-VoltaEscolasBicicleta-1448x2048.png 1448w, https:\/\/www.cm-evora.pt\/wp-content\/uploads\/2026\/08\/AF_SEM-VoltaEscolasBicicleta-1320x1867.png 1320w\" sizes=\"auto, (max-width: 1810px) 100vw, 1810px\" \/><\/a>\n\t\t\t<\/dt><\/dl><dl class='gallery-item'>\n\t\t\t<dt class='gallery-icon portrait'>\n\t\t\t\t<a href='https:\/\/www.cm-evora.pt\/wp-content\/uploads\/2026\/08\/AF_Cartaz_PasseioFamilia_2026-scaled.png'><img loading=\"lazy\" decoding=\"async\" width=\"1810\" height=\"2560\" src=\"https:\/\/www.cm-evora.pt\/wp-content\/uploads\/2026\/08\/AF_Cartaz_PasseioFamilia_2026-scaled.png\" class=\"attachment-full size-full\" alt=\"\" srcset=\"https:\/\/www.cm-evora.pt\/wp-content\/uploads\/2026\/08\/AF_Cartaz_PasseioFamilia_2026-scaled.png 1810w, https:\/\/www.cm-evora.pt\/wp-content\/uploads\/2026\/08\/AF_Cartaz_PasseioFamilia_2026-212x300.png 212w, https:\/\/www.cm-evora.pt\/wp-content\/uploads\/2026\/08\/AF_Cartaz_PasseioFamilia_2026-724x1024.png 724w, https:\/\/www.cm-evora.pt\/wp-content\/uploads\/2026\/08\/AF_Cartaz_PasseioFamilia_2026-768x1086.png 768w, https:\/\/www.cm-evora.pt\/wp-content\/uploads\/2026\/08\/AF_Cartaz_PasseioFamilia_2026-1086x1536.png 1086w, https:\/\/www.cm-evora.pt\/wp-content\/uploads\/2026\/08\/AF_Cartaz_PasseioFamilia_2026-1448x2048.png 1448w, https:\/\/www.cm-evora.pt\/wp-content\/uploads\/2026\/08\/AF_Cartaz_PasseioFamilia_2026-1320x1867.png 1320w\" sizes=\"auto, (max-width: 1810px) 100vw, 1810px\" \/><\/a>\n\t\t\t<\/dt><\/dl><dl class='gallery-item'>\n\t\t\t<dt class='gallery-icon portrait'>\n\t\t\t\t<a href='https:\/\/www.cm-evora.pt\/wp-content\/uploads\/2026\/08\/AF_Cartaz_BIKIDS_2026-scaled.png'><img loading=\"lazy\" decoding=\"async\" width=\"1810\" height=\"2560\" src=\"https:\/\/www.cm-evora.pt\/wp-content\/uploads\/2026\/08\/AF_Cartaz_BIKIDS_2026-scaled.png\" class=\"attachment-full size-full\" alt=\"\" srcset=\"https:\/\/www.cm-evora.pt\/wp-content\/uploads\/2026\/08\/AF_Cartaz_BIKIDS_2026-scaled.png 1810w, https:\/\/www.cm-evora.pt\/wp-content\/uploads\/2026\/08\/AF_Cartaz_BIKIDS_2026-212x300.png 212w, https:\/\/www.cm-evora.pt\/wp-content\/uploads\/2026\/08\/AF_Cartaz_BIKIDS_2026-724x1024.png 724w, https:\/\/www.cm-evora.pt\/wp-content\/uploads\/2026\/08\/AF_Cartaz_BIKIDS_2026-768x1086.png 768w, https:\/\/www.cm-evora.pt\/wp-content\/uploads\/2026\/08\/AF_Cartaz_BIKIDS_2026-1086x1536.png 1086w, https:\/\/www.cm-evora.pt\/wp-content\/uploads\/2026\/08\/AF_Cartaz_BIKIDS_2026-1448x2048.png 1448w, https:\/\/www.cm-evora.pt\/wp-content\/uploads\/2026\/08\/AF_Cartaz_BIKIDS_2026-1320x1867.png 1320w\" sizes=\"auto, (max-width: 1810px) 100vw, 1810px\" \/><\/a>\n\t\t\t<\/dt><\/dl><br style=\"clear: both\" \/><dl class='gallery-item'>\n\t\t\t<dt class='gallery-icon landscape'>\n\t\t\t\t<a href='https:\/\/www.cm-evora.pt\/wp-content\/uploads\/2026\/09\/Gravel_banner.jpeg'><img loading=\"lazy\" decoding=\"async\" width=\"1920\" height=\"710\" src=\"https:\/\/www.cm-evora.pt\/wp-content\/uploads\/2026\/09\/Gravel_banner.jpeg\" class=\"attachment-full size-full\" alt=\"\" srcset=\"https:\/\/www.cm-evora.pt\/wp-content\/uploads\/2026\/09\/Gravel_banner.jpeg 1920w, https:\/\/www.cm-evora.pt\/wp-content\/uploads\/2026\/09\/Gravel_banner-300x111.jpeg 300w, https:\/\/www.cm-evora.pt\/wp-content\/uploads\/2026\/09\/Gravel_banner-1024x379.jpeg 1024w, https:\/\/www.cm-evora.pt\/wp-content\/uploads\/2026\/09\/Gravel_banner-768x284.jpeg 768w, https:\/\/www.cm-evora.pt\/wp-content\/uploads\/2026\/09\/Gravel_banner-1536x568.jpeg 1536w, https:\/\/www.cm-evora.pt\/wp-content\/uploads\/2026\/09\/Gravel_banner-1320x488.jpeg 1320w\" sizes=\"auto, (max-width: 1920px) 100vw, 1920px\" \/><\/a>\n\t\t\t<\/dt><\/dl><dl class='gallery-item'>\n\t\t\t<dt class='gallery-icon portrait'>\n\t\t\t\t<a href='https:\/\/www.cm-evora.pt\/wp-content\/uploads\/2026\/08\/AF_Cartaz_MaratonaCycling_2026-scaled.png'><img loading=\"lazy\" decoding=\"async\" width=\"1810\" height=\"2560\" src=\"https:\/\/www.cm-evora.pt\/wp-content\/uploads\/2026\/08\/AF_Cartaz_MaratonaCycling_2026-scaled.png\" class=\"attachment-full size-full\" alt=\"\" srcset=\"https:\/\/www.cm-evora.pt\/wp-content\/uploads\/2026\/08\/AF_Cartaz_MaratonaCycling_2026-scaled.png 1810w, https:\/\/www.cm-evora.pt\/wp-content\/uploads\/2026\/08\/AF_Cartaz_MaratonaCycling_2026-212x300.png 212w, https:\/\/www.cm-evora.pt\/wp-content\/uploads\/2026\/08\/AF_Cartaz_MaratonaCycling_2026-724x1024.png 724w, https:\/\/www.cm-evora.pt\/wp-content\/uploads\/2026\/08\/AF_Cartaz_MaratonaCycling_2026-768x1086.png 768w, https:\/\/www.cm-evora.pt\/wp-content\/uploads\/2026\/08\/AF_Cartaz_MaratonaCycling_2026-1086x1536.png 1086w, https:\/\/www.cm-evora.pt\/wp-content\/uploads\/2026\/08\/AF_Cartaz_MaratonaCycling_2026-1448x2048.png 1448w, https:\/\/www.cm-evora.pt\/wp-content\/uploads\/2026\/08\/AF_Cartaz_MaratonaCycling_2026-1320x1867.png 1320w\" sizes=\"auto, (max-width: 1810px) 100vw, 1810px\" \/><\/a>\n\t\t\t<\/dt><\/dl>\n\t\t\t<br style='clear: both' \/>\n\t\t<\/div>\n<\/p>","protected":false},"excerpt":{"rendered":"<p>Sorry, this entry is only available in Portugu\u00eas.De 6 a 27 de setembro, \u00c9vora transforma-se na capital das duas rodas com a realiza\u00e7\u00e3o do BIK\u00c9VORA 2026, uma iniciativa promovida pela autarquia que promete dinamizar a cidade e envolver a popula\u00e7\u00e3o em diversas atividades ligadas \u00e0 mobilidade sustent\u00e1vel, ao desporto e \u00e0 vida em fam\u00edlia. O [&hellip;]<\/p>\n","protected":false},"author":54,"featured_media":89088,"comment_status":"closed","ping_status":"closed","sticky":false,"template":"","format":"standard","meta":{"_acf_changed":false,"footnotes":""},"categories":[2110],"tags":[],"class_list":["post-89087","post","type-post","status-publish","format-standard","has-post-thumbnail","hentry","category-noticias"],"acf":{"imagens":"","destaq_image":89089,"titulo_docs_seccao":"","documentos":""},"_links":{"self":[{"href":"https:\/\/www.cm-evora.pt\/en\/wp-json\/wp\/v2\/posts\/89087","targetHints":{"allow":["GET"]}}],"collection":[{"href":"https:\/\/www.cm-evora.pt\/en\/wp-json\/wp\/v2\/posts"}],"about":[{"href":"https:\/\/www.cm-evora.pt\/en\/wp-json\/wp\/v2\/types\/post"}],"author":[{"embeddable":true,"href":"https:\/\/www.cm-evora.pt\/en\/wp-json\/wp\/v2\/users\/54"}],"replies":[{"embeddable":true,"href":"https:\/\/www.cm-evora.pt\/en\/wp-json\/wp\/v2\/comments?post=89087"}],"version-history":[{"count":1,"href":"https:\/\/www.cm-evora.pt\/en\/wp-json\/wp\/v2\/posts\/89087\/revisions"}],"predecessor-version":[{"id":89090,"href":"https:\/\/www.cm-evora.pt\/en\/wp-json\/wp\/v2\/posts\/89087\/revisions\/89090"}],"wp:featuredmedia":[{"embeddable":true,"href":"https:\/\/www.cm-evora.pt\/en\/wp-json\/wp\/v2\/media\/89088"}],"wp:attachment":[{"href":"https:\/\/www.cm-evora.pt\/en\/wp-json\/wp\/v2\/media?parent=89087"}],"wp:term":[{"taxonomy":"category","embeddable":true,"href":"https:\/\/www.cm-evora.pt\/en\/wp-json\/wp\/v2\/categories?post=89087"},{"taxonomy":"post_tag","embeddable":true,"href":"https:\/\/www.cm-evora.pt\/en\/wp-json\/wp\/v2\/tags?post=89087"}],"curies":[{"name":"wp","href":"https:\/\/api.w.org\/{rel}","templated":true}]}}