{"id":89105,"date":"2026-09-03T12:25:31","date_gmt":"2026-09-03T11:25:31","guid":{"rendered":"https:\/\/www.cm-evora.pt\/?p=89105"},"modified":"2026-09-03T12:25:31","modified_gmt":"2026-09-03T11:25:31","slug":"inauguracao-da-nova-variante-nascente-de-evora-ao-ip2-reduz-volume-de-transito-que-atravessa-a-cidade-ate-40","status":"publish","type":"post","link":"https:\/\/www.cm-evora.pt\/en\/inauguracao-da-nova-variante-nascente-de-evora-ao-ip2-reduz-volume-de-transito-que-atravessa-a-cidade-ate-40\/","title":{"rendered":"(Portugu\u00eas) Inaugura\u00e7\u00e3o da nova Variante Nascente de \u00c9vora ao IP2 reduz volume de tr\u00e2nsito que atravessa a cidade at\u00e9 40%"},"content":{"rendered":"<p class=\"qtranxs-available-languages-message qtranxs-available-languages-message-en\">Sorry, this entry is only available in <a href=\"https:\/\/www.cm-evora.pt\/pt\/wp-json\/wp\/v2\/posts\/89105\" class=\"qtranxs-available-language-link qtranxs-available-language-link-pt\" title=\"Portugu\u00eas\">Portugu\u00eas<\/a>.<\/p><p><strong>A inaugura\u00e7\u00e3o oficial do tro\u00e7o de cerca de 13 quil\u00f3metros de extens\u00e3o teve lugar esta manh\u00e3, com as presen\u00e7as do vice-presidente do Munic\u00edpio de \u00c9vora, Jer\u00f3nimo Jos\u00e9, e do Secret\u00e1rio de Estado das Infraestruturas, Hugo Esp\u00edrito Santo.<\/strong><\/p>\n<p>\u201cA abertura da nova Variante Nascente do IP2 \u00e9 um momento hist\u00f3rico que marca o fim de uma longa espera de mais de uma d\u00e9cada e o in\u00edcio de uma nova era para a nossa mobilidade e desenvolvimento\u201d, come\u00e7ou por se congratular Jer\u00f3nimo Jos\u00e9, identificando esta nova via como \u201cum eixo de progresso para a regi\u00e3o\u201d, que vai permitir \u201cretirar o tr\u00e2nsito de atravessamento do centro hist\u00f3rico de \u00c9vora e envolvente da zona urbana\u201d, principalmente no que se refere a ve\u00edculos pesados. O vice-presidente da autarquia eborense estima a diminui\u00e7\u00e3o do volume de tr\u00e2nsito em 30 a 40% na envolvente da zona urbana.<\/p>\n<p>Esta Variante tem cerca de 13 quil\u00f3metros de extens\u00e3o e orienta\u00e7\u00e3o norte\/sul com dupla faixa de rodagem. A empreitada agora conclu\u00edda, oferece uma nova liga\u00e7\u00e3o rodovi\u00e1ria alternativa ao atual tro\u00e7o do IP2, tendo in\u00edcio no N\u00f3 de \u00c9vora Nascente da A6\/IP7, logo ap\u00f3s a portagem, conectando-se com o atual IP2, na zona de S\u00e3o Man\u00e7os.<\/p>\n<p>A nova via rodovi\u00e1ria afastar\u00e1 uma significativa parte do tr\u00e2nsito, que atravessa a cidade, e permitir\u00e1, segundo a Infraestruturas de Portugal (IP), o refor\u00e7o da seguran\u00e7a rodovi\u00e1ria, uma maior fluidez de tr\u00e1fego e consequente redu\u00e7\u00e3o de congestionamentos e tempos de desloca\u00e7\u00e3o. A melhoria das condi\u00e7\u00f5es de acessibilidade, nomeadamente \u00e0s \u00e1reas industriais e tecnol\u00f3gicas, contribuindo para o crescimento econ\u00f3mico da regi\u00e3o, s\u00e3o tamb\u00e9m vantagens atribu\u00eddas a esta nova via de circula\u00e7\u00e3o.<\/p>\n<p>A obra representa um investimento de 54,9 milh\u00f5es de euros, financiada com verbas do Plano de Recupera\u00e7\u00e3o e Resili\u00eancia (PRR), tratando-se da interven\u00e7\u00e3o com maior valor de adjudica\u00e7\u00e3o entre os investimentos executados pela empresa no \u00e2mbito do PRR, revelou a IP.<\/p>\n<p>\n\t\t<style>\n\t\t\t#gallery-1 {\n\t\t\t\tmargin: auto;\n\t\t\t}\n\t\t\t#gallery-1 .gallery-item {\n\t\t\t\tfloat: left;\n\t\t\t\tmargin-top: 10px;\n\t\t\t\ttext-align: center;\n\t\t\t\twidth: 33%;\n\t\t\t}\n\t\t\t#gallery-1 img {\n\t\t\t\tborder: 2px solid #cfcfcf;\n\t\t\t}\n\t\t\t#gallery-1 .gallery-caption {\n\t\t\t\tmargin-left: 0;\n\t\t\t}\n\t\t\t\/* see gallery_shortcode() in wp-includes\/media.php *\/\n\t\t<\/style>\n\t\t<div id='gallery-1' class='gallery galleryid-89105 gallery-columns-3 gallery-size-full'><dl class='gallery-item'>\n\t\t\t<dt class='gallery-icon landscape'>\n\t\t\t\t<a href='https:\/\/www.cm-evora.pt\/wp-content\/uploads\/2026\/09\/DSC_3750-scaled.jpg'><img loading=\"lazy\" decoding=\"async\" width=\"2560\" height=\"1707\" src=\"https:\/\/www.cm-evora.pt\/wp-content\/uploads\/2026\/09\/DSC_3750-scaled.jpg\" class=\"attachment-full size-full\" alt=\"\" srcset=\"https:\/\/www.cm-evora.pt\/wp-content\/uploads\/2026\/09\/DSC_3750-scaled.jpg 2560w, https:\/\/www.cm-evora.pt\/wp-content\/uploads\/2026\/09\/DSC_3750-300x200.jpg 300w, https:\/\/www.cm-evora.pt\/wp-content\/uploads\/2026\/09\/DSC_3750-1024x683.jpg 1024w, https:\/\/www.cm-evora.pt\/wp-content\/uploads\/2026\/09\/DSC_3750-768x512.jpg 768w, https:\/\/www.cm-evora.pt\/wp-content\/uploads\/2026\/09\/DSC_3750-1536x1024.jpg 1536w, https:\/\/www.cm-evora.pt\/wp-content\/uploads\/2026\/09\/DSC_3750-2048x1365.jpg 2048w, https:\/\/www.cm-evora.pt\/wp-content\/uploads\/2026\/09\/DSC_3750-1320x880.jpg 1320w\" sizes=\"auto, (max-width: 2560px) 100vw, 2560px\" \/><\/a>\n\t\t\t<\/dt><\/dl><dl class='gallery-item'>\n\t\t\t<dt class='gallery-icon landscape'>\n\t\t\t\t<a href='https:\/\/www.cm-evora.pt\/wp-content\/uploads\/2026\/09\/DSC_3756-scaled.jpg'><img loading=\"lazy\" decoding=\"async\" width=\"2560\" height=\"1707\" src=\"https:\/\/www.cm-evora.pt\/wp-content\/uploads\/2026\/09\/DSC_3756-scaled.jpg\" class=\"attachment-full size-full\" alt=\"\" srcset=\"https:\/\/www.cm-evora.pt\/wp-content\/uploads\/2026\/09\/DSC_3756-scaled.jpg 2560w, https:\/\/www.cm-evora.pt\/wp-content\/uploads\/2026\/09\/DSC_3756-300x200.jpg 300w, https:\/\/www.cm-evora.pt\/wp-content\/uploads\/2026\/09\/DSC_3756-1024x683.jpg 1024w, https:\/\/www.cm-evora.pt\/wp-content\/uploads\/2026\/09\/DSC_3756-768x512.jpg 768w, https:\/\/www.cm-evora.pt\/wp-content\/uploads\/2026\/09\/DSC_3756-1536x1024.jpg 1536w, https:\/\/www.cm-evora.pt\/wp-content\/uploads\/2026\/09\/DSC_3756-2048x1365.jpg 2048w, https:\/\/www.cm-evora.pt\/wp-content\/uploads\/2026\/09\/DSC_3756-1320x880.jpg 1320w\" sizes=\"auto, (max-width: 2560px) 100vw, 2560px\" \/><\/a>\n\t\t\t<\/dt><\/dl><dl class='gallery-item'>\n\t\t\t<dt class='gallery-icon landscape'>\n\t\t\t\t<a href='https:\/\/www.cm-evora.pt\/wp-content\/uploads\/2026\/09\/DSC_3758-scaled.jpg'><img loading=\"lazy\" decoding=\"async\" width=\"2560\" height=\"1707\" src=\"https:\/\/www.cm-evora.pt\/wp-content\/uploads\/2026\/09\/DSC_3758-scaled.jpg\" class=\"attachment-full size-full\" alt=\"\" srcset=\"https:\/\/www.cm-evora.pt\/wp-content\/uploads\/2026\/09\/DSC_3758-scaled.jpg 2560w, https:\/\/www.cm-evora.pt\/wp-content\/uploads\/2026\/09\/DSC_3758-300x200.jpg 300w, https:\/\/www.cm-evora.pt\/wp-content\/uploads\/2026\/09\/DSC_3758-1024x683.jpg 1024w, https:\/\/www.cm-evora.pt\/wp-content\/uploads\/2026\/09\/DSC_3758-768x512.jpg 768w, https:\/\/www.cm-evora.pt\/wp-content\/uploads\/2026\/09\/DSC_3758-1536x1024.jpg 1536w, https:\/\/www.cm-evora.pt\/wp-content\/uploads\/2026\/09\/DSC_3758-2048x1365.jpg 2048w, https:\/\/www.cm-evora.pt\/wp-content\/uploads\/2026\/09\/DSC_3758-1320x880.jpg 1320w\" sizes=\"auto, (max-width: 2560px) 100vw, 2560px\" \/><\/a>\n\t\t\t<\/dt><\/dl><br style=\"clear: both\" \/><dl class='gallery-item'>\n\t\t\t<dt class='gallery-icon landscape'>\n\t\t\t\t<a href='https:\/\/www.cm-evora.pt\/wp-content\/uploads\/2026\/09\/DSC_3759-scaled.jpg'><img loading=\"lazy\" decoding=\"async\" width=\"2560\" height=\"1707\" src=\"https:\/\/www.cm-evora.pt\/wp-content\/uploads\/2026\/09\/DSC_3759-scaled.jpg\" class=\"attachment-full size-full\" alt=\"\" srcset=\"https:\/\/www.cm-evora.pt\/wp-content\/uploads\/2026\/09\/DSC_3759-scaled.jpg 2560w, https:\/\/www.cm-evora.pt\/wp-content\/uploads\/2026\/09\/DSC_3759-300x200.jpg 300w, https:\/\/www.cm-evora.pt\/wp-content\/uploads\/2026\/09\/DSC_3759-1024x683.jpg 1024w, https:\/\/www.cm-evora.pt\/wp-content\/uploads\/2026\/09\/DSC_3759-768x512.jpg 768w, https:\/\/www.cm-evora.pt\/wp-content\/uploads\/2026\/09\/DSC_3759-1536x1024.jpg 1536w, https:\/\/www.cm-evora.pt\/wp-content\/uploads\/2026\/09\/DSC_3759-2048x1365.jpg 2048w, https:\/\/www.cm-evora.pt\/wp-content\/uploads\/2026\/09\/DSC_3759-1320x880.jpg 1320w\" sizes=\"auto, (max-width: 2560px) 100vw, 2560px\" \/><\/a>\n\t\t\t<\/dt><\/dl><dl class='gallery-item'>\n\t\t\t<dt class='gallery-icon landscape'>\n\t\t\t\t<a href='https:\/\/www.cm-evora.pt\/wp-content\/uploads\/2026\/09\/DSC_3760-scaled.jpg'><img loading=\"lazy\" decoding=\"async\" width=\"2560\" height=\"1707\" src=\"https:\/\/www.cm-evora.pt\/wp-content\/uploads\/2026\/09\/DSC_3760-scaled.jpg\" class=\"attachment-full size-full\" alt=\"\" srcset=\"https:\/\/www.cm-evora.pt\/wp-content\/uploads\/2026\/09\/DSC_3760-scaled.jpg 2560w, https:\/\/www.cm-evora.pt\/wp-content\/uploads\/2026\/09\/DSC_3760-300x200.jpg 300w, https:\/\/www.cm-evora.pt\/wp-content\/uploads\/2026\/09\/DSC_3760-1024x683.jpg 1024w, https:\/\/www.cm-evora.pt\/wp-content\/uploads\/2026\/09\/DSC_3760-768x512.jpg 768w, https:\/\/www.cm-evora.pt\/wp-content\/uploads\/2026\/09\/DSC_3760-1536x1024.jpg 1536w, https:\/\/www.cm-evora.pt\/wp-content\/uploads\/2026\/09\/DSC_3760-2048x1365.jpg 2048w, https:\/\/www.cm-evora.pt\/wp-content\/uploads\/2026\/09\/DSC_3760-1320x880.jpg 1320w\" sizes=\"auto, (max-width: 2560px) 100vw, 2560px\" \/><\/a>\n\t\t\t<\/dt><\/dl><dl class='gallery-item'>\n\t\t\t<dt class='gallery-icon landscape'>\n\t\t\t\t<a href='https:\/\/www.cm-evora.pt\/wp-content\/uploads\/2026\/09\/DSC_3766-scaled.jpg'><img loading=\"lazy\" decoding=\"async\" width=\"2560\" height=\"1707\" src=\"https:\/\/www.cm-evora.pt\/wp-content\/uploads\/2026\/09\/DSC_3766-scaled.jpg\" class=\"attachment-full size-full\" alt=\"\" srcset=\"https:\/\/www.cm-evora.pt\/wp-content\/uploads\/2026\/09\/DSC_3766-scaled.jpg 2560w, https:\/\/www.cm-evora.pt\/wp-content\/uploads\/2026\/09\/DSC_3766-300x200.jpg 300w, https:\/\/www.cm-evora.pt\/wp-content\/uploads\/2026\/09\/DSC_3766-1024x683.jpg 1024w, https:\/\/www.cm-evora.pt\/wp-content\/uploads\/2026\/09\/DSC_3766-768x512.jpg 768w, https:\/\/www.cm-evora.pt\/wp-content\/uploads\/2026\/09\/DSC_3766-1536x1024.jpg 1536w, https:\/\/www.cm-evora.pt\/wp-content\/uploads\/2026\/09\/DSC_3766-2048x1365.jpg 2048w, https:\/\/www.cm-evora.pt\/wp-content\/uploads\/2026\/09\/DSC_3766-1320x880.jpg 1320w\" sizes=\"auto, (max-width: 2560px) 100vw, 2560px\" \/><\/a>\n\t\t\t<\/dt><\/dl><br style=\"clear: both\" \/><dl class='gallery-item'>\n\t\t\t<dt class='gallery-icon landscape'>\n\t\t\t\t<a href='https:\/\/www.cm-evora.pt\/wp-content\/uploads\/2026\/09\/DSC_3767-scaled.jpg'><img loading=\"lazy\" decoding=\"async\" width=\"2560\" height=\"1707\" src=\"https:\/\/www.cm-evora.pt\/wp-content\/uploads\/2026\/09\/DSC_3767-scaled.jpg\" class=\"attachment-full size-full\" alt=\"\" srcset=\"https:\/\/www.cm-evora.pt\/wp-content\/uploads\/2026\/09\/DSC_3767-scaled.jpg 2560w, https:\/\/www.cm-evora.pt\/wp-content\/uploads\/2026\/09\/DSC_3767-300x200.jpg 300w, https:\/\/www.cm-evora.pt\/wp-content\/uploads\/2026\/09\/DSC_3767-1024x683.jpg 1024w, https:\/\/www.cm-evora.pt\/wp-content\/uploads\/2026\/09\/DSC_3767-768x512.jpg 768w, https:\/\/www.cm-evora.pt\/wp-content\/uploads\/2026\/09\/DSC_3767-1536x1024.jpg 1536w, https:\/\/www.cm-evora.pt\/wp-content\/uploads\/2026\/09\/DSC_3767-2048x1365.jpg 2048w, https:\/\/www.cm-evora.pt\/wp-content\/uploads\/2026\/09\/DSC_3767-1320x880.jpg 1320w\" sizes=\"auto, (max-width: 2560px) 100vw, 2560px\" \/><\/a>\n\t\t\t<\/dt><\/dl><dl class='gallery-item'>\n\t\t\t<dt class='gallery-icon landscape'>\n\t\t\t\t<a href='https:\/\/www.cm-evora.pt\/wp-content\/uploads\/2026\/09\/DSC_3770-scaled.jpg'><img loading=\"lazy\" decoding=\"async\" width=\"2560\" height=\"1707\" src=\"https:\/\/www.cm-evora.pt\/wp-content\/uploads\/2026\/09\/DSC_3770-scaled.jpg\" class=\"attachment-full size-full\" alt=\"\" srcset=\"https:\/\/www.cm-evora.pt\/wp-content\/uploads\/2026\/09\/DSC_3770-scaled.jpg 2560w, https:\/\/www.cm-evora.pt\/wp-content\/uploads\/2026\/09\/DSC_3770-300x200.jpg 300w, https:\/\/www.cm-evora.pt\/wp-content\/uploads\/2026\/09\/DSC_3770-1024x683.jpg 1024w, https:\/\/www.cm-evora.pt\/wp-content\/uploads\/2026\/09\/DSC_3770-768x512.jpg 768w, https:\/\/www.cm-evora.pt\/wp-content\/uploads\/2026\/09\/DSC_3770-1536x1024.jpg 1536w, https:\/\/www.cm-evora.pt\/wp-content\/uploads\/2026\/09\/DSC_3770-2048x1365.jpg 2048w, https:\/\/www.cm-evora.pt\/wp-content\/uploads\/2026\/09\/DSC_3770-1320x880.jpg 1320w\" sizes=\"auto, (max-width: 2560px) 100vw, 2560px\" \/><\/a>\n\t\t\t<\/dt><\/dl><dl class='gallery-item'>\n\t\t\t<dt class='gallery-icon landscape'>\n\t\t\t\t<a href='https:\/\/www.cm-evora.pt\/wp-content\/uploads\/2026\/09\/Foto-1.png'><img loading=\"lazy\" decoding=\"async\" width=\"1920\" height=\"1080\" src=\"https:\/\/www.cm-evora.pt\/wp-content\/uploads\/2026\/09\/Foto-1.png\" class=\"attachment-full size-full\" alt=\"\" srcset=\"https:\/\/www.cm-evora.pt\/wp-content\/uploads\/2026\/09\/Foto-1.png 1920w, https:\/\/www.cm-evora.pt\/wp-content\/uploads\/2026\/09\/Foto-1-300x169.png 300w, https:\/\/www.cm-evora.pt\/wp-content\/uploads\/2026\/09\/Foto-1-1024x576.png 1024w, https:\/\/www.cm-evora.pt\/wp-content\/uploads\/2026\/09\/Foto-1-768x432.png 768w, https:\/\/www.cm-evora.pt\/wp-content\/uploads\/2026\/09\/Foto-1-1536x864.png 1536w, https:\/\/www.cm-evora.pt\/wp-content\/uploads\/2026\/09\/Foto-1-1320x743.png 1320w\" sizes=\"auto, (max-width: 1920px) 100vw, 1920px\" \/><\/a>\n\t\t\t<\/dt><\/dl><br style=\"clear: both\" \/><dl class='gallery-item'>\n\t\t\t<dt class='gallery-icon landscape'>\n\t\t\t\t<a href='https:\/\/www.cm-evora.pt\/wp-content\/uploads\/2026\/09\/Foto-2.png'><img loading=\"lazy\" decoding=\"async\" width=\"1920\" height=\"1080\" src=\"https:\/\/www.cm-evora.pt\/wp-content\/uploads\/2026\/09\/Foto-2.png\" class=\"attachment-full size-full\" alt=\"\" srcset=\"https:\/\/www.cm-evora.pt\/wp-content\/uploads\/2026\/09\/Foto-2.png 1920w, https:\/\/www.cm-evora.pt\/wp-content\/uploads\/2026\/09\/Foto-2-300x169.png 300w, https:\/\/www.cm-evora.pt\/wp-content\/uploads\/2026\/09\/Foto-2-1024x576.png 1024w, https:\/\/www.cm-evora.pt\/wp-content\/uploads\/2026\/09\/Foto-2-768x432.png 768w, https:\/\/www.cm-evora.pt\/wp-content\/uploads\/2026\/09\/Foto-2-1536x864.png 1536w, https:\/\/www.cm-evora.pt\/wp-content\/uploads\/2026\/09\/Foto-2-1320x743.png 1320w\" sizes=\"auto, (max-width: 1920px) 100vw, 1920px\" \/><\/a>\n\t\t\t<\/dt><\/dl><dl class='gallery-item'>\n\t\t\t<dt class='gallery-icon landscape'>\n\t\t\t\t<a href='https:\/\/www.cm-evora.pt\/wp-content\/uploads\/2026\/09\/WhatsApp-Image-2026-09-03-at-11.52.20-1.jpeg'><img loading=\"lazy\" decoding=\"async\" width=\"1600\" height=\"1066\" src=\"https:\/\/www.cm-evora.pt\/wp-content\/uploads\/2026\/09\/WhatsApp-Image-2026-09-03-at-11.52.20-1.jpeg\" class=\"attachment-full size-full\" alt=\"\" srcset=\"https:\/\/www.cm-evora.pt\/wp-content\/uploads\/2026\/09\/WhatsApp-Image-2026-09-03-at-11.52.20-1.jpeg 1600w, https:\/\/www.cm-evora.pt\/wp-content\/uploads\/2026\/09\/WhatsApp-Image-2026-09-03-at-11.52.20-1-300x200.jpeg 300w, https:\/\/www.cm-evora.pt\/wp-content\/uploads\/2026\/09\/WhatsApp-Image-2026-09-03-at-11.52.20-1-1024x682.jpeg 1024w, https:\/\/www.cm-evora.pt\/wp-content\/uploads\/2026\/09\/WhatsApp-Image-2026-09-03-at-11.52.20-1-768x512.jpeg 768w, https:\/\/www.cm-evora.pt\/wp-content\/uploads\/2026\/09\/WhatsApp-Image-2026-09-03-at-11.52.20-1-1536x1023.jpeg 1536w, https:\/\/www.cm-evora.pt\/wp-content\/uploads\/2026\/09\/WhatsApp-Image-2026-09-03-at-11.52.20-1-1320x879.jpeg 1320w\" sizes=\"auto, (max-width: 1600px) 100vw, 1600px\" \/><\/a>\n\t\t\t<\/dt><\/dl><dl class='gallery-item'>\n\t\t\t<dt class='gallery-icon landscape'>\n\t\t\t\t<a href='https:\/\/www.cm-evora.pt\/wp-content\/uploads\/2026\/09\/WhatsApp-Image-2026-09-03-at-11.52.20-3.jpeg'><img loading=\"lazy\" decoding=\"async\" width=\"1600\" height=\"1066\" src=\"https:\/\/www.cm-evora.pt\/wp-content\/uploads\/2026\/09\/WhatsApp-Image-2026-09-03-at-11.52.20-3.jpeg\" class=\"attachment-full size-full\" alt=\"\" srcset=\"https:\/\/www.cm-evora.pt\/wp-content\/uploads\/2026\/09\/WhatsApp-Image-2026-09-03-at-11.52.20-3.jpeg 1600w, https:\/\/www.cm-evora.pt\/wp-content\/uploads\/2026\/09\/WhatsApp-Image-2026-09-03-at-11.52.20-3-300x200.jpeg 300w, https:\/\/www.cm-evora.pt\/wp-content\/uploads\/2026\/09\/WhatsApp-Image-2026-09-03-at-11.52.20-3-1024x682.jpeg 1024w, https:\/\/www.cm-evora.pt\/wp-content\/uploads\/2026\/09\/WhatsApp-Image-2026-09-03-at-11.52.20-3-768x512.jpeg 768w, https:\/\/www.cm-evora.pt\/wp-content\/uploads\/2026\/09\/WhatsApp-Image-2026-09-03-at-11.52.20-3-1536x1023.jpeg 1536w, https:\/\/www.cm-evora.pt\/wp-content\/uploads\/2026\/09\/WhatsApp-Image-2026-09-03-at-11.52.20-3-1320x879.jpeg 1320w\" sizes=\"auto, (max-width: 1600px) 100vw, 1600px\" \/><\/a>\n\t\t\t<\/dt><\/dl><br style=\"clear: both\" \/><dl class='gallery-item'>\n\t\t\t<dt class='gallery-icon landscape'>\n\t\t\t\t<a href='https:\/\/www.cm-evora.pt\/wp-content\/uploads\/2026\/09\/WhatsApp-Image-2026-09-03-at-11.52.20-6.jpeg'><img loading=\"lazy\" decoding=\"async\" width=\"1600\" height=\"1066\" src=\"https:\/\/www.cm-evora.pt\/wp-content\/uploads\/2026\/09\/WhatsApp-Image-2026-09-03-at-11.52.20-6.jpeg\" class=\"attachment-full size-full\" alt=\"\" srcset=\"https:\/\/www.cm-evora.pt\/wp-content\/uploads\/2026\/09\/WhatsApp-Image-2026-09-03-at-11.52.20-6.jpeg 1600w, https:\/\/www.cm-evora.pt\/wp-content\/uploads\/2026\/09\/WhatsApp-Image-2026-09-03-at-11.52.20-6-300x200.jpeg 300w, https:\/\/www.cm-evora.pt\/wp-content\/uploads\/2026\/09\/WhatsApp-Image-2026-09-03-at-11.52.20-6-1024x682.jpeg 1024w, https:\/\/www.cm-evora.pt\/wp-content\/uploads\/2026\/09\/WhatsApp-Image-2026-09-03-at-11.52.20-6-768x512.jpeg 768w, https:\/\/www.cm-evora.pt\/wp-content\/uploads\/2026\/09\/WhatsApp-Image-2026-09-03-at-11.52.20-6-1536x1023.jpeg 1536w, https:\/\/www.cm-evora.pt\/wp-content\/uploads\/2026\/09\/WhatsApp-Image-2026-09-03-at-11.52.20-6-1320x879.jpeg 1320w\" sizes=\"auto, (max-width: 1600px) 100vw, 1600px\" \/><\/a>\n\t\t\t<\/dt><\/dl><dl class='gallery-item'>\n\t\t\t<dt class='gallery-icon landscape'>\n\t\t\t\t<a href='https:\/\/www.cm-evora.pt\/wp-content\/uploads\/2026\/09\/WhatsApp-Image-2026-09-03-at-11.52.20-10.jpeg'><img loading=\"lazy\" decoding=\"async\" width=\"1600\" height=\"998\" src=\"https:\/\/www.cm-evora.pt\/wp-content\/uploads\/2026\/09\/WhatsApp-Image-2026-09-03-at-11.52.20-10.jpeg\" class=\"attachment-full size-full\" alt=\"\" srcset=\"https:\/\/www.cm-evora.pt\/wp-content\/uploads\/2026\/09\/WhatsApp-Image-2026-09-03-at-11.52.20-10.jpeg 1600w, https:\/\/www.cm-evora.pt\/wp-content\/uploads\/2026\/09\/WhatsApp-Image-2026-09-03-at-11.52.20-10-300x187.jpeg 300w, https:\/\/www.cm-evora.pt\/wp-content\/uploads\/2026\/09\/WhatsApp-Image-2026-09-03-at-11.52.20-10-1024x639.jpeg 1024w, https:\/\/www.cm-evora.pt\/wp-content\/uploads\/2026\/09\/WhatsApp-Image-2026-09-03-at-11.52.20-10-768x479.jpeg 768w, https:\/\/www.cm-evora.pt\/wp-content\/uploads\/2026\/09\/WhatsApp-Image-2026-09-03-at-11.52.20-10-1536x958.jpeg 1536w, https:\/\/www.cm-evora.pt\/wp-content\/uploads\/2026\/09\/WhatsApp-Image-2026-09-03-at-11.52.20-10-1320x823.jpeg 1320w\" sizes=\"auto, (max-width: 1600px) 100vw, 1600px\" \/><\/a>\n\t\t\t<\/dt><\/dl>\n\t\t\t<br style='clear: both' \/>\n\t\t<\/div>\n<\/p>","protected":false},"excerpt":{"rendered":"<p>Sorry, this entry is only available in Portugu\u00eas.A inaugura\u00e7\u00e3o oficial do tro\u00e7o de cerca de 13 quil\u00f3metros de extens\u00e3o teve lugar esta manh\u00e3, com as presen\u00e7as do vice-presidente do Munic\u00edpio de \u00c9vora, Jer\u00f3nimo Jos\u00e9, e do Secret\u00e1rio de Estado das Infraestruturas, Hugo Esp\u00edrito Santo. \u201cA abertura da nova Variante Nascente do IP2 \u00e9 um momento [&hellip;]<\/p>\n","protected":false},"author":54,"featured_media":89120,"comment_status":"closed","ping_status":"closed","sticky":false,"template":"","format":"standard","meta":{"_acf_changed":false,"footnotes":""},"categories":[2110],"tags":[],"class_list":["post-89105","post","type-post","status-publish","format-standard","has-post-thumbnail","hentry","category-noticias"],"acf":{"imagens":"","destaq_image":89120,"titulo_docs_seccao":"","documentos":""},"_links":{"self":[{"href":"https:\/\/www.cm-evora.pt\/en\/wp-json\/wp\/v2\/posts\/89105","targetHints":{"allow":["GET"]}}],"collection":[{"href":"https:\/\/www.cm-evora.pt\/en\/wp-json\/wp\/v2\/posts"}],"about":[{"href":"https:\/\/www.cm-evora.pt\/en\/wp-json\/wp\/v2\/types\/post"}],"author":[{"embeddable":true,"href":"https:\/\/www.cm-evora.pt\/en\/wp-json\/wp\/v2\/users\/54"}],"replies":[{"embeddable":true,"href":"https:\/\/www.cm-evora.pt\/en\/wp-json\/wp\/v2\/comments?post=89105"}],"version-history":[{"count":1,"href":"https:\/\/www.cm-evora.pt\/en\/wp-json\/wp\/v2\/posts\/89105\/revisions"}],"predecessor-version":[{"id":89121,"href":"https:\/\/www.cm-evora.pt\/en\/wp-json\/wp\/v2\/posts\/89105\/revisions\/89121"}],"wp:featuredmedia":[{"embeddable":true,"href":"https:\/\/www.cm-evora.pt\/en\/wp-json\/wp\/v2\/media\/89120"}],"wp:attachment":[{"href":"https:\/\/www.cm-evora.pt\/en\/wp-json\/wp\/v2\/media?parent=89105"}],"wp:term":[{"taxonomy":"category","embeddable":true,"href":"https:\/\/www.cm-evora.pt\/en\/wp-json\/wp\/v2\/categories?post=89105"},{"taxonomy":"post_tag","embeddable":true,"href":"https:\/\/www.cm-evora.pt\/en\/wp-json\/wp\/v2\/tags?post=89105"}],"curies":[{"name":"wp","href":"https:\/\/api.w.org\/{rel}","templated":true}]}}