{"id":89122,"date":"2026-09-04T15:34:17","date_gmt":"2026-09-04T14:34:17","guid":{"rendered":"https:\/\/www.cm-evora.pt\/?p=89122"},"modified":"2026-09-04T15:34:17","modified_gmt":"2026-09-04T14:34:17","slug":"camara-de-evora-assina-protocolo-para-desenvolvimento-do-futebol-na-regiao","status":"publish","type":"post","link":"https:\/\/www.cm-evora.pt\/en\/camara-de-evora-assina-protocolo-para-desenvolvimento-do-futebol-na-regiao\/","title":{"rendered":"(Portugu\u00eas) C\u00e2mara de \u00c9vora assina protocolo para desenvolvimento do futebol na regi\u00e3o"},"content":{"rendered":"<p class=\"qtranxs-available-languages-message qtranxs-available-languages-message-en\">Sorry, this entry is only available in <a href=\"https:\/\/www.cm-evora.pt\/pt\/wp-json\/wp\/v2\/posts\/89122\" class=\"qtranxs-available-language-link qtranxs-available-language-link-pt\" title=\"Portugu\u00eas\">Portugu\u00eas<\/a>.<\/p><p><strong>Federa\u00e7\u00e3o Portuguesa de Futebol (FPF) e Associa\u00e7\u00e3o Distrital e Regional de Futebol de \u00c9vora (ADR) s\u00e3o as entidades parceiras<\/strong><\/p>\n<p><strong>O Munic\u00edpio de \u00c9vora assinou hoje, 04 de setembro, no Sal\u00e3o Nobre dos Pa\u00e7os do Concelho, um protocolo de coopera\u00e7\u00e3o institucional para fomentar e consolidar a coopera\u00e7\u00e3o com a FPF e a ADR, com vista ao desenvolvimento do futebol, futsal, futebol de praia, <em>walking football e esports<\/em>, no concelho e na regi\u00e3o, desde as categorias de base at\u00e9 aos escal\u00f5es superiores. A cerim\u00f3nia enquadrou-se nas comemora\u00e7\u00f5es do centen\u00e1rio da Associa\u00e7\u00e3o de Futebol de \u00c9vora, a quem a autarquia decidiu atribuir a Medalha de Ouro da cidade. <\/strong><\/p>\n<p>O vice-presidente da C\u00e2mara Municipal de \u00c9vora, Jer\u00f3nimo Jos\u00e9, anunciou que a entrega da medalha \u00e0 AFE vai ter lugar em cerim\u00f3nia marcada para o pr\u00f3ximo dia 25 de novembro, data em que se assinalam os 40 anos da classifica\u00e7\u00e3o do nosso centro hist\u00f3rico como Patrim\u00f3nio Mundial.<\/p>\n<p>A assinatura do protocolo contou com as presen\u00e7as do presidente da Federa\u00e7\u00e3o Portuguesa de Futebol, Pedro Proen\u00e7a, e de Ant\u00f3nio Pereira, da Associa\u00e7\u00e3o de Futebol de \u00c9vora, formalizando, desta maneira, a coopera\u00e7\u00e3o institucional e o refor\u00e7o na articula\u00e7\u00e3o entre as tr\u00eas entidades. Ficam, assim, estabelecidas as bases para a cria\u00e7\u00e3o, promo\u00e7\u00e3o e organiza\u00e7\u00e3o de iniciativas conjuntas e eventos de cariz nacional e internacional no \u00e2mbito das modalidades acima descritas.<\/p>\n<p>Com base neste documento, a FPF e a ADR comprometem-se a colaborar com o Munic\u00edpio no desenvolvimento de um plano estrat\u00e9gico que potencie a pr\u00e1tica desportiva no concelho, potenciando o envolvimento da comunidade e permitindo refor\u00e7ar o impacto desportivo, social e econ\u00f3mico na regi\u00e3o.<\/p>\n<p>Ainda na manh\u00e3 de hoje, tamb\u00e9m com a participa\u00e7\u00e3o do vice-presidente da C\u00e2mara de \u00c9vora, a superf\u00edcie comercial Continente recebeu a iniciativa Unidos pelo Futebol, da FPF, durante a qual se fez a entrega de um cheque \u00e0 AFE para promo\u00e7\u00e3o da modalidade.<\/p>\n<p>A prop\u00f3sito, recordamos que est\u00e1 patente, no Edif\u00edcio dos Pa\u00e7os do Concelho da C\u00e2mara Municipal, uma exposi\u00e7\u00e3o dedicada aos trof\u00e9us recentemente conquistados pelas Sele\u00e7\u00f5es Nacionais, a qual pode ser visitada at\u00e9 \u00e0 pr\u00f3xima segunda-feira, 7 de setembro.<\/p>\n<p>\n\t\t<style>\n\t\t\t#gallery-1 {\n\t\t\t\tmargin: auto;\n\t\t\t}\n\t\t\t#gallery-1 .gallery-item {\n\t\t\t\tfloat: left;\n\t\t\t\tmargin-top: 10px;\n\t\t\t\ttext-align: center;\n\t\t\t\twidth: 33%;\n\t\t\t}\n\t\t\t#gallery-1 img {\n\t\t\t\tborder: 2px solid #cfcfcf;\n\t\t\t}\n\t\t\t#gallery-1 .gallery-caption {\n\t\t\t\tmargin-left: 0;\n\t\t\t}\n\t\t\t\/* see gallery_shortcode() in wp-includes\/media.php *\/\n\t\t<\/style>\n\t\t<div id='gallery-1' class='gallery galleryid-89122 gallery-columns-3 gallery-size-full'><dl class='gallery-item'>\n\t\t\t<dt class='gallery-icon landscape'>\n\t\t\t\t<a href='https:\/\/www.cm-evora.pt\/wp-content\/uploads\/2026\/09\/DSC_3873-scaled.jpg'><img loading=\"lazy\" decoding=\"async\" width=\"2560\" height=\"1896\" src=\"https:\/\/www.cm-evora.pt\/wp-content\/uploads\/2026\/09\/DSC_3873-scaled.jpg\" class=\"attachment-full size-full\" alt=\"\" srcset=\"https:\/\/www.cm-evora.pt\/wp-content\/uploads\/2026\/09\/DSC_3873-scaled.jpg 2560w, https:\/\/www.cm-evora.pt\/wp-content\/uploads\/2026\/09\/DSC_3873-300x222.jpg 300w, https:\/\/www.cm-evora.pt\/wp-content\/uploads\/2026\/09\/DSC_3873-1024x758.jpg 1024w, https:\/\/www.cm-evora.pt\/wp-content\/uploads\/2026\/09\/DSC_3873-768x569.jpg 768w, https:\/\/www.cm-evora.pt\/wp-content\/uploads\/2026\/09\/DSC_3873-1536x1138.jpg 1536w, https:\/\/www.cm-evora.pt\/wp-content\/uploads\/2026\/09\/DSC_3873-2048x1517.jpg 2048w, https:\/\/www.cm-evora.pt\/wp-content\/uploads\/2026\/09\/DSC_3873-1320x978.jpg 1320w\" sizes=\"auto, (max-width: 2560px) 100vw, 2560px\" \/><\/a>\n\t\t\t<\/dt><\/dl><dl class='gallery-item'>\n\t\t\t<dt class='gallery-icon landscape'>\n\t\t\t\t<a href='https:\/\/www.cm-evora.pt\/wp-content\/uploads\/2026\/09\/DSC_3910-scaled.jpg'><img loading=\"lazy\" decoding=\"async\" width=\"2560\" height=\"1707\" src=\"https:\/\/www.cm-evora.pt\/wp-content\/uploads\/2026\/09\/DSC_3910-scaled.jpg\" class=\"attachment-full size-full\" alt=\"\" srcset=\"https:\/\/www.cm-evora.pt\/wp-content\/uploads\/2026\/09\/DSC_3910-scaled.jpg 2560w, https:\/\/www.cm-evora.pt\/wp-content\/uploads\/2026\/09\/DSC_3910-300x200.jpg 300w, https:\/\/www.cm-evora.pt\/wp-content\/uploads\/2026\/09\/DSC_3910-1024x683.jpg 1024w, https:\/\/www.cm-evora.pt\/wp-content\/uploads\/2026\/09\/DSC_3910-768x512.jpg 768w, https:\/\/www.cm-evora.pt\/wp-content\/uploads\/2026\/09\/DSC_3910-1536x1024.jpg 1536w, https:\/\/www.cm-evora.pt\/wp-content\/uploads\/2026\/09\/DSC_3910-2048x1365.jpg 2048w, https:\/\/www.cm-evora.pt\/wp-content\/uploads\/2026\/09\/DSC_3910-1320x880.jpg 1320w\" sizes=\"auto, (max-width: 2560px) 100vw, 2560px\" \/><\/a>\n\t\t\t<\/dt><\/dl><dl class='gallery-item'>\n\t\t\t<dt class='gallery-icon landscape'>\n\t\t\t\t<a href='https:\/\/www.cm-evora.pt\/wp-content\/uploads\/2026\/09\/DSC_3917-scaled.jpg'><img loading=\"lazy\" decoding=\"async\" width=\"2560\" height=\"1707\" src=\"https:\/\/www.cm-evora.pt\/wp-content\/uploads\/2026\/09\/DSC_3917-scaled.jpg\" class=\"attachment-full size-full\" alt=\"\" srcset=\"https:\/\/www.cm-evora.pt\/wp-content\/uploads\/2026\/09\/DSC_3917-scaled.jpg 2560w, https:\/\/www.cm-evora.pt\/wp-content\/uploads\/2026\/09\/DSC_3917-300x200.jpg 300w, https:\/\/www.cm-evora.pt\/wp-content\/uploads\/2026\/09\/DSC_3917-1024x683.jpg 1024w, https:\/\/www.cm-evora.pt\/wp-content\/uploads\/2026\/09\/DSC_3917-768x512.jpg 768w, https:\/\/www.cm-evora.pt\/wp-content\/uploads\/2026\/09\/DSC_3917-1536x1024.jpg 1536w, https:\/\/www.cm-evora.pt\/wp-content\/uploads\/2026\/09\/DSC_3917-2048x1365.jpg 2048w, https:\/\/www.cm-evora.pt\/wp-content\/uploads\/2026\/09\/DSC_3917-1320x880.jpg 1320w\" sizes=\"auto, (max-width: 2560px) 100vw, 2560px\" \/><\/a>\n\t\t\t<\/dt><\/dl><br style=\"clear: both\" \/><dl class='gallery-item'>\n\t\t\t<dt class='gallery-icon landscape'>\n\t\t\t\t<a href='https:\/\/www.cm-evora.pt\/wp-content\/uploads\/2026\/09\/DSC_3920-scaled.jpg'><img loading=\"lazy\" decoding=\"async\" width=\"2560\" height=\"1707\" src=\"https:\/\/www.cm-evora.pt\/wp-content\/uploads\/2026\/09\/DSC_3920-scaled.jpg\" class=\"attachment-full size-full\" alt=\"\" srcset=\"https:\/\/www.cm-evora.pt\/wp-content\/uploads\/2026\/09\/DSC_3920-scaled.jpg 2560w, https:\/\/www.cm-evora.pt\/wp-content\/uploads\/2026\/09\/DSC_3920-300x200.jpg 300w, https:\/\/www.cm-evora.pt\/wp-content\/uploads\/2026\/09\/DSC_3920-1024x683.jpg 1024w, https:\/\/www.cm-evora.pt\/wp-content\/uploads\/2026\/09\/DSC_3920-768x512.jpg 768w, https:\/\/www.cm-evora.pt\/wp-content\/uploads\/2026\/09\/DSC_3920-1536x1024.jpg 1536w, https:\/\/www.cm-evora.pt\/wp-content\/uploads\/2026\/09\/DSC_3920-2048x1365.jpg 2048w, https:\/\/www.cm-evora.pt\/wp-content\/uploads\/2026\/09\/DSC_3920-1320x880.jpg 1320w\" sizes=\"auto, (max-width: 2560px) 100vw, 2560px\" \/><\/a>\n\t\t\t<\/dt><\/dl><dl class='gallery-item'>\n\t\t\t<dt class='gallery-icon landscape'>\n\t\t\t\t<a href='https:\/\/www.cm-evora.pt\/wp-content\/uploads\/2026\/09\/DSC_3924-scaled.jpg'><img loading=\"lazy\" decoding=\"async\" width=\"2560\" height=\"1707\" src=\"https:\/\/www.cm-evora.pt\/wp-content\/uploads\/2026\/09\/DSC_3924-scaled.jpg\" class=\"attachment-full size-full\" alt=\"\" srcset=\"https:\/\/www.cm-evora.pt\/wp-content\/uploads\/2026\/09\/DSC_3924-scaled.jpg 2560w, https:\/\/www.cm-evora.pt\/wp-content\/uploads\/2026\/09\/DSC_3924-300x200.jpg 300w, https:\/\/www.cm-evora.pt\/wp-content\/uploads\/2026\/09\/DSC_3924-1024x683.jpg 1024w, https:\/\/www.cm-evora.pt\/wp-content\/uploads\/2026\/09\/DSC_3924-768x512.jpg 768w, https:\/\/www.cm-evora.pt\/wp-content\/uploads\/2026\/09\/DSC_3924-1536x1024.jpg 1536w, https:\/\/www.cm-evora.pt\/wp-content\/uploads\/2026\/09\/DSC_3924-2048x1365.jpg 2048w, https:\/\/www.cm-evora.pt\/wp-content\/uploads\/2026\/09\/DSC_3924-1320x880.jpg 1320w\" sizes=\"auto, (max-width: 2560px) 100vw, 2560px\" \/><\/a>\n\t\t\t<\/dt><\/dl><dl class='gallery-item'>\n\t\t\t<dt class='gallery-icon landscape'>\n\t\t\t\t<a href='https:\/\/www.cm-evora.pt\/wp-content\/uploads\/2026\/09\/DSC_3928-scaled.jpg'><img loading=\"lazy\" decoding=\"async\" width=\"2560\" height=\"1707\" src=\"https:\/\/www.cm-evora.pt\/wp-content\/uploads\/2026\/09\/DSC_3928-scaled.jpg\" class=\"attachment-full size-full\" alt=\"\" srcset=\"https:\/\/www.cm-evora.pt\/wp-content\/uploads\/2026\/09\/DSC_3928-scaled.jpg 2560w, https:\/\/www.cm-evora.pt\/wp-content\/uploads\/2026\/09\/DSC_3928-300x200.jpg 300w, https:\/\/www.cm-evora.pt\/wp-content\/uploads\/2026\/09\/DSC_3928-1024x683.jpg 1024w, https:\/\/www.cm-evora.pt\/wp-content\/uploads\/2026\/09\/DSC_3928-768x512.jpg 768w, https:\/\/www.cm-evora.pt\/wp-content\/uploads\/2026\/09\/DSC_3928-1536x1024.jpg 1536w, https:\/\/www.cm-evora.pt\/wp-content\/uploads\/2026\/09\/DSC_3928-2048x1365.jpg 2048w, https:\/\/www.cm-evora.pt\/wp-content\/uploads\/2026\/09\/DSC_3928-1320x880.jpg 1320w\" sizes=\"auto, (max-width: 2560px) 100vw, 2560px\" \/><\/a>\n\t\t\t<\/dt><\/dl><br style=\"clear: both\" \/><dl class='gallery-item'>\n\t\t\t<dt class='gallery-icon landscape'>\n\t\t\t\t<a href='https:\/\/www.cm-evora.pt\/wp-content\/uploads\/2026\/09\/DSC_3938-scaled.jpg'><img loading=\"lazy\" decoding=\"async\" width=\"2560\" height=\"1707\" src=\"https:\/\/www.cm-evora.pt\/wp-content\/uploads\/2026\/09\/DSC_3938-scaled.jpg\" class=\"attachment-full size-full\" alt=\"\" srcset=\"https:\/\/www.cm-evora.pt\/wp-content\/uploads\/2026\/09\/DSC_3938-scaled.jpg 2560w, https:\/\/www.cm-evora.pt\/wp-content\/uploads\/2026\/09\/DSC_3938-300x200.jpg 300w, https:\/\/www.cm-evora.pt\/wp-content\/uploads\/2026\/09\/DSC_3938-1024x683.jpg 1024w, https:\/\/www.cm-evora.pt\/wp-content\/uploads\/2026\/09\/DSC_3938-768x512.jpg 768w, https:\/\/www.cm-evora.pt\/wp-content\/uploads\/2026\/09\/DSC_3938-1536x1024.jpg 1536w, https:\/\/www.cm-evora.pt\/wp-content\/uploads\/2026\/09\/DSC_3938-2048x1365.jpg 2048w, https:\/\/www.cm-evora.pt\/wp-content\/uploads\/2026\/09\/DSC_3938-1320x880.jpg 1320w\" sizes=\"auto, (max-width: 2560px) 100vw, 2560px\" \/><\/a>\n\t\t\t<\/dt><\/dl><dl class='gallery-item'>\n\t\t\t<dt class='gallery-icon landscape'>\n\t\t\t\t<a href='https:\/\/www.cm-evora.pt\/wp-content\/uploads\/2026\/09\/DSC_3951-scaled.jpg'><img loading=\"lazy\" decoding=\"async\" width=\"2560\" height=\"1707\" src=\"https:\/\/www.cm-evora.pt\/wp-content\/uploads\/2026\/09\/DSC_3951-scaled.jpg\" class=\"attachment-full size-full\" alt=\"\" srcset=\"https:\/\/www.cm-evora.pt\/wp-content\/uploads\/2026\/09\/DSC_3951-scaled.jpg 2560w, https:\/\/www.cm-evora.pt\/wp-content\/uploads\/2026\/09\/DSC_3951-300x200.jpg 300w, https:\/\/www.cm-evora.pt\/wp-content\/uploads\/2026\/09\/DSC_3951-1024x683.jpg 1024w, https:\/\/www.cm-evora.pt\/wp-content\/uploads\/2026\/09\/DSC_3951-768x512.jpg 768w, https:\/\/www.cm-evora.pt\/wp-content\/uploads\/2026\/09\/DSC_3951-1536x1024.jpg 1536w, https:\/\/www.cm-evora.pt\/wp-content\/uploads\/2026\/09\/DSC_3951-2048x1365.jpg 2048w, https:\/\/www.cm-evora.pt\/wp-content\/uploads\/2026\/09\/DSC_3951-1320x880.jpg 1320w\" sizes=\"auto, (max-width: 2560px) 100vw, 2560px\" \/><\/a>\n\t\t\t<\/dt><\/dl><dl class='gallery-item'>\n\t\t\t<dt class='gallery-icon landscape'>\n\t\t\t\t<a href='https:\/\/www.cm-evora.pt\/wp-content\/uploads\/2026\/09\/DSC_3960-scaled.jpg'><img loading=\"lazy\" decoding=\"async\" width=\"2560\" height=\"1707\" src=\"https:\/\/www.cm-evora.pt\/wp-content\/uploads\/2026\/09\/DSC_3960-scaled.jpg\" class=\"attachment-full size-full\" alt=\"\" srcset=\"https:\/\/www.cm-evora.pt\/wp-content\/uploads\/2026\/09\/DSC_3960-scaled.jpg 2560w, https:\/\/www.cm-evora.pt\/wp-content\/uploads\/2026\/09\/DSC_3960-300x200.jpg 300w, https:\/\/www.cm-evora.pt\/wp-content\/uploads\/2026\/09\/DSC_3960-1024x683.jpg 1024w, https:\/\/www.cm-evora.pt\/wp-content\/uploads\/2026\/09\/DSC_3960-768x512.jpg 768w, https:\/\/www.cm-evora.pt\/wp-content\/uploads\/2026\/09\/DSC_3960-1536x1024.jpg 1536w, https:\/\/www.cm-evora.pt\/wp-content\/uploads\/2026\/09\/DSC_3960-2048x1365.jpg 2048w, https:\/\/www.cm-evora.pt\/wp-content\/uploads\/2026\/09\/DSC_3960-1320x880.jpg 1320w\" sizes=\"auto, (max-width: 2560px) 100vw, 2560px\" \/><\/a>\n\t\t\t<\/dt><\/dl><br style=\"clear: both\" \/><dl class='gallery-item'>\n\t\t\t<dt class='gallery-icon landscape'>\n\t\t\t\t<a href='https:\/\/www.cm-evora.pt\/wp-content\/uploads\/2026\/09\/DSC_3963-scaled.jpg'><img loading=\"lazy\" decoding=\"async\" width=\"2560\" height=\"1707\" src=\"https:\/\/www.cm-evora.pt\/wp-content\/uploads\/2026\/09\/DSC_3963-scaled.jpg\" class=\"attachment-full size-full\" alt=\"\" srcset=\"https:\/\/www.cm-evora.pt\/wp-content\/uploads\/2026\/09\/DSC_3963-scaled.jpg 2560w, https:\/\/www.cm-evora.pt\/wp-content\/uploads\/2026\/09\/DSC_3963-300x200.jpg 300w, https:\/\/www.cm-evora.pt\/wp-content\/uploads\/2026\/09\/DSC_3963-1024x683.jpg 1024w, https:\/\/www.cm-evora.pt\/wp-content\/uploads\/2026\/09\/DSC_3963-768x512.jpg 768w, https:\/\/www.cm-evora.pt\/wp-content\/uploads\/2026\/09\/DSC_3963-1536x1024.jpg 1536w, https:\/\/www.cm-evora.pt\/wp-content\/uploads\/2026\/09\/DSC_3963-2048x1365.jpg 2048w, https:\/\/www.cm-evora.pt\/wp-content\/uploads\/2026\/09\/DSC_3963-1320x880.jpg 1320w\" sizes=\"auto, (max-width: 2560px) 100vw, 2560px\" \/><\/a>\n\t\t\t<\/dt><\/dl><dl class='gallery-item'>\n\t\t\t<dt class='gallery-icon landscape'>\n\t\t\t\t<a href='https:\/\/www.cm-evora.pt\/wp-content\/uploads\/2026\/09\/DSC_3971.jpg'><img loading=\"lazy\" decoding=\"async\" width=\"1920\" height=\"1280\" src=\"https:\/\/www.cm-evora.pt\/wp-content\/uploads\/2026\/09\/DSC_3971.jpg\" class=\"attachment-full size-full\" alt=\"\" srcset=\"https:\/\/www.cm-evora.pt\/wp-content\/uploads\/2026\/09\/DSC_3971.jpg 1920w, https:\/\/www.cm-evora.pt\/wp-content\/uploads\/2026\/09\/DSC_3971-300x200.jpg 300w, https:\/\/www.cm-evora.pt\/wp-content\/uploads\/2026\/09\/DSC_3971-1024x683.jpg 1024w, https:\/\/www.cm-evora.pt\/wp-content\/uploads\/2026\/09\/DSC_3971-768x512.jpg 768w, https:\/\/www.cm-evora.pt\/wp-content\/uploads\/2026\/09\/DSC_3971-1536x1024.jpg 1536w, https:\/\/www.cm-evora.pt\/wp-content\/uploads\/2026\/09\/DSC_3971-1320x880.jpg 1320w\" sizes=\"auto, (max-width: 1920px) 100vw, 1920px\" \/><\/a>\n\t\t\t<\/dt><\/dl><dl class='gallery-item'>\n\t\t\t<dt class='gallery-icon landscape'>\n\t\t\t\t<a href='https:\/\/www.cm-evora.pt\/wp-content\/uploads\/2026\/09\/DSC_3987.jpg'><img loading=\"lazy\" decoding=\"async\" width=\"1920\" height=\"1280\" src=\"https:\/\/www.cm-evora.pt\/wp-content\/uploads\/2026\/09\/DSC_3987.jpg\" class=\"attachment-full size-full\" alt=\"\" srcset=\"https:\/\/www.cm-evora.pt\/wp-content\/uploads\/2026\/09\/DSC_3987.jpg 1920w, https:\/\/www.cm-evora.pt\/wp-content\/uploads\/2026\/09\/DSC_3987-300x200.jpg 300w, https:\/\/www.cm-evora.pt\/wp-content\/uploads\/2026\/09\/DSC_3987-1024x683.jpg 1024w, https:\/\/www.cm-evora.pt\/wp-content\/uploads\/2026\/09\/DSC_3987-768x512.jpg 768w, https:\/\/www.cm-evora.pt\/wp-content\/uploads\/2026\/09\/DSC_3987-1536x1024.jpg 1536w, https:\/\/www.cm-evora.pt\/wp-content\/uploads\/2026\/09\/DSC_3987-1320x880.jpg 1320w\" sizes=\"auto, (max-width: 1920px) 100vw, 1920px\" \/><\/a>\n\t\t\t<\/dt><\/dl><br style=\"clear: both\" \/><dl class='gallery-item'>\n\t\t\t<dt class='gallery-icon landscape'>\n\t\t\t\t<a href='https:\/\/www.cm-evora.pt\/wp-content\/uploads\/2026\/09\/DSC_4002-scaled.jpg'><img loading=\"lazy\" decoding=\"async\" width=\"2560\" height=\"1707\" src=\"https:\/\/www.cm-evora.pt\/wp-content\/uploads\/2026\/09\/DSC_4002-scaled.jpg\" class=\"attachment-full size-full\" alt=\"\" srcset=\"https:\/\/www.cm-evora.pt\/wp-content\/uploads\/2026\/09\/DSC_4002-scaled.jpg 2560w, https:\/\/www.cm-evora.pt\/wp-content\/uploads\/2026\/09\/DSC_4002-300x200.jpg 300w, https:\/\/www.cm-evora.pt\/wp-content\/uploads\/2026\/09\/DSC_4002-1024x683.jpg 1024w, https:\/\/www.cm-evora.pt\/wp-content\/uploads\/2026\/09\/DSC_4002-768x512.jpg 768w, https:\/\/www.cm-evora.pt\/wp-content\/uploads\/2026\/09\/DSC_4002-1536x1024.jpg 1536w, https:\/\/www.cm-evora.pt\/wp-content\/uploads\/2026\/09\/DSC_4002-2048x1365.jpg 2048w, https:\/\/www.cm-evora.pt\/wp-content\/uploads\/2026\/09\/DSC_4002-1320x880.jpg 1320w\" sizes=\"auto, (max-width: 2560px) 100vw, 2560px\" \/><\/a>\n\t\t\t<\/dt><\/dl><dl class='gallery-item'>\n\t\t\t<dt class='gallery-icon landscape'>\n\t\t\t\t<a href='https:\/\/www.cm-evora.pt\/wp-content\/uploads\/2026\/09\/DSC_4016-scaled.jpg'><img loading=\"lazy\" decoding=\"async\" width=\"2560\" height=\"1707\" src=\"https:\/\/www.cm-evora.pt\/wp-content\/uploads\/2026\/09\/DSC_4016-scaled.jpg\" class=\"attachment-full size-full\" alt=\"\" srcset=\"https:\/\/www.cm-evora.pt\/wp-content\/uploads\/2026\/09\/DSC_4016-scaled.jpg 2560w, https:\/\/www.cm-evora.pt\/wp-content\/uploads\/2026\/09\/DSC_4016-300x200.jpg 300w, https:\/\/www.cm-evora.pt\/wp-content\/uploads\/2026\/09\/DSC_4016-1024x683.jpg 1024w, https:\/\/www.cm-evora.pt\/wp-content\/uploads\/2026\/09\/DSC_4016-768x512.jpg 768w, https:\/\/www.cm-evora.pt\/wp-content\/uploads\/2026\/09\/DSC_4016-1536x1024.jpg 1536w, https:\/\/www.cm-evora.pt\/wp-content\/uploads\/2026\/09\/DSC_4016-2048x1365.jpg 2048w, https:\/\/www.cm-evora.pt\/wp-content\/uploads\/2026\/09\/DSC_4016-1320x880.jpg 1320w\" sizes=\"auto, (max-width: 2560px) 100vw, 2560px\" \/><\/a>\n\t\t\t<\/dt><\/dl><dl class='gallery-item'>\n\t\t\t<dt class='gallery-icon landscape'>\n\t\t\t\t<a href='https:\/\/www.cm-evora.pt\/wp-content\/uploads\/2026\/09\/DSC_4033-scaled.jpg'><img loading=\"lazy\" decoding=\"async\" width=\"2560\" height=\"1707\" src=\"https:\/\/www.cm-evora.pt\/wp-content\/uploads\/2026\/09\/DSC_4033-scaled.jpg\" class=\"attachment-full size-full\" alt=\"\" srcset=\"https:\/\/www.cm-evora.pt\/wp-content\/uploads\/2026\/09\/DSC_4033-scaled.jpg 2560w, https:\/\/www.cm-evora.pt\/wp-content\/uploads\/2026\/09\/DSC_4033-300x200.jpg 300w, https:\/\/www.cm-evora.pt\/wp-content\/uploads\/2026\/09\/DSC_4033-1024x683.jpg 1024w, https:\/\/www.cm-evora.pt\/wp-content\/uploads\/2026\/09\/DSC_4033-768x512.jpg 768w, https:\/\/www.cm-evora.pt\/wp-content\/uploads\/2026\/09\/DSC_4033-1536x1024.jpg 1536w, https:\/\/www.cm-evora.pt\/wp-content\/uploads\/2026\/09\/DSC_4033-2048x1365.jpg 2048w, https:\/\/www.cm-evora.pt\/wp-content\/uploads\/2026\/09\/DSC_4033-1320x880.jpg 1320w\" sizes=\"auto, (max-width: 2560px) 100vw, 2560px\" \/><\/a>\n\t\t\t<\/dt><\/dl><br style=\"clear: both\" \/><dl class='gallery-item'>\n\t\t\t<dt class='gallery-icon landscape'>\n\t\t\t\t<a href='https:\/\/www.cm-evora.pt\/wp-content\/uploads\/2026\/09\/DSC_4041-scaled.jpg'><img loading=\"lazy\" decoding=\"async\" width=\"2560\" height=\"1707\" src=\"https:\/\/www.cm-evora.pt\/wp-content\/uploads\/2026\/09\/DSC_4041-scaled.jpg\" class=\"attachment-full size-full\" alt=\"\" srcset=\"https:\/\/www.cm-evora.pt\/wp-content\/uploads\/2026\/09\/DSC_4041-scaled.jpg 2560w, https:\/\/www.cm-evora.pt\/wp-content\/uploads\/2026\/09\/DSC_4041-300x200.jpg 300w, https:\/\/www.cm-evora.pt\/wp-content\/uploads\/2026\/09\/DSC_4041-1024x683.jpg 1024w, https:\/\/www.cm-evora.pt\/wp-content\/uploads\/2026\/09\/DSC_4041-768x512.jpg 768w, https:\/\/www.cm-evora.pt\/wp-content\/uploads\/2026\/09\/DSC_4041-1536x1024.jpg 1536w, https:\/\/www.cm-evora.pt\/wp-content\/uploads\/2026\/09\/DSC_4041-2048x1365.jpg 2048w, https:\/\/www.cm-evora.pt\/wp-content\/uploads\/2026\/09\/DSC_4041-1320x880.jpg 1320w\" sizes=\"auto, (max-width: 2560px) 100vw, 2560px\" \/><\/a>\n\t\t\t<\/dt><\/dl><dl class='gallery-item'>\n\t\t\t<dt class='gallery-icon landscape'>\n\t\t\t\t<a href='https:\/\/www.cm-evora.pt\/wp-content\/uploads\/2026\/09\/DSC_4047-scaled.jpg'><img loading=\"lazy\" decoding=\"async\" width=\"2560\" height=\"2016\" src=\"https:\/\/www.cm-evora.pt\/wp-content\/uploads\/2026\/09\/DSC_4047-scaled.jpg\" class=\"attachment-full size-full\" alt=\"\" srcset=\"https:\/\/www.cm-evora.pt\/wp-content\/uploads\/2026\/09\/DSC_4047-scaled.jpg 2560w, https:\/\/www.cm-evora.pt\/wp-content\/uploads\/2026\/09\/DSC_4047-300x236.jpg 300w, https:\/\/www.cm-evora.pt\/wp-content\/uploads\/2026\/09\/DSC_4047-1024x806.jpg 1024w, https:\/\/www.cm-evora.pt\/wp-content\/uploads\/2026\/09\/DSC_4047-768x605.jpg 768w, https:\/\/www.cm-evora.pt\/wp-content\/uploads\/2026\/09\/DSC_4047-1536x1210.jpg 1536w, https:\/\/www.cm-evora.pt\/wp-content\/uploads\/2026\/09\/DSC_4047-2048x1613.jpg 2048w, https:\/\/www.cm-evora.pt\/wp-content\/uploads\/2026\/09\/DSC_4047-1320x1040.jpg 1320w\" sizes=\"auto, (max-width: 2560px) 100vw, 2560px\" \/><\/a>\n\t\t\t<\/dt><\/dl>\n\t\t\t<br style='clear: both' \/>\n\t\t<\/div>\n<\/p>","protected":false},"excerpt":{"rendered":"<p>Sorry, this entry is only available in Portugu\u00eas.Federa\u00e7\u00e3o Portuguesa de Futebol (FPF) e Associa\u00e7\u00e3o Distrital e Regional de Futebol de \u00c9vora (ADR) s\u00e3o as entidades parceiras O Munic\u00edpio de \u00c9vora assinou hoje, 04 de setembro, no Sal\u00e3o Nobre dos Pa\u00e7os do Concelho, um protocolo de coopera\u00e7\u00e3o institucional para fomentar e consolidar a coopera\u00e7\u00e3o com a [&hellip;]<\/p>\n","protected":false},"author":54,"featured_media":89140,"comment_status":"closed","ping_status":"closed","sticky":false,"template":"","format":"standard","meta":{"_acf_changed":false,"footnotes":""},"categories":[2110],"tags":[],"class_list":["post-89122","post","type-post","status-publish","format-standard","has-post-thumbnail","hentry","category-noticias"],"acf":{"imagens":"","destaq_image":89140,"titulo_docs_seccao":"","documentos":""},"_links":{"self":[{"href":"https:\/\/www.cm-evora.pt\/en\/wp-json\/wp\/v2\/posts\/89122","targetHints":{"allow":["GET"]}}],"collection":[{"href":"https:\/\/www.cm-evora.pt\/en\/wp-json\/wp\/v2\/posts"}],"about":[{"href":"https:\/\/www.cm-evora.pt\/en\/wp-json\/wp\/v2\/types\/post"}],"author":[{"embeddable":true,"href":"https:\/\/www.cm-evora.pt\/en\/wp-json\/wp\/v2\/users\/54"}],"replies":[{"embeddable":true,"href":"https:\/\/www.cm-evora.pt\/en\/wp-json\/wp\/v2\/comments?post=89122"}],"version-history":[{"count":1,"href":"https:\/\/www.cm-evora.pt\/en\/wp-json\/wp\/v2\/posts\/89122\/revisions"}],"predecessor-version":[{"id":89141,"href":"https:\/\/www.cm-evora.pt\/en\/wp-json\/wp\/v2\/posts\/89122\/revisions\/89141"}],"wp:featuredmedia":[{"embeddable":true,"href":"https:\/\/www.cm-evora.pt\/en\/wp-json\/wp\/v2\/media\/89140"}],"wp:attachment":[{"href":"https:\/\/www.cm-evora.pt\/en\/wp-json\/wp\/v2\/media?parent=89122"}],"wp:term":[{"taxonomy":"category","embeddable":true,"href":"https:\/\/www.cm-evora.pt\/en\/wp-json\/wp\/v2\/categories?post=89122"},{"taxonomy":"post_tag","embeddable":true,"href":"https:\/\/www.cm-evora.pt\/en\/wp-json\/wp\/v2\/tags?post=89122"}],"curies":[{"name":"wp","href":"https:\/\/api.w.org\/{rel}","templated":true}]}}