{"id":12686,"date":"2022-10-18T22:20:30","date_gmt":"2022-10-18T22:20:30","guid":{"rendered":"https:\/\/www.cm-evora.pt\/mutic\/?p=12686"},"modified":"2022-10-18T22:21:54","modified_gmt":"2022-10-18T22:21:54","slug":"cobertura-de-rede-sem-fios-em-edificios-e-espacos-publicos-de-evora-melhorada-e-alargada","status":"publish","type":"post","link":"https:\/\/www.cm-evora.pt\/mutic\/2022\/10\/18\/cobertura-de-rede-sem-fios-em-edificios-e-espacos-publicos-de-evora-melhorada-e-alargada\/","title":{"rendered":"Os Desafios SeguraNet est\u00e3o de regresso"},"content":{"rendered":"<p><\/p>\n<div dir=\"auto\">A Dire\u00e7\u00e3o-Geral da Educa\u00e7\u00e3o, em colabora\u00e7\u00e3o com o Centro de Compet\u00eancia TIC ESE\/IPS de Santar\u00e9m, promove a 16.\u00aa edi\u00e7\u00e3o do concurso Desafios SeguraNet, dinamizada no \u00e2mbito do Centro de Sensibiliza\u00e7\u00e3o SeguraNet.<br \/>\nNo presente ano letivo, este concurso alarga o seu espectro de a\u00e7\u00e3o \u00e0 Educa\u00e7\u00e3o Pr\u00e9-Escolar. Assim, s\u00e3o contempladas cinco categorias, com desafios sobre temas relacionados com a Cidadania Digital, dirigidas, respetivamente: \u00e0 Educa\u00e7\u00e3o Pr\u00e9-Escolar, aos 1.\u00ba, 2.\u00ba, 3.\u00ba ciclos do Ensino B\u00e1sico e ainda a pais\/encarregados de educa\u00e7\u00e3o.<br \/>\nAs Escolas podem, desde j\u00e1, fazer o seu registo com o c\u00f3digo de estabelecimento de ensino (DGEEC) no portal SeguraNet, pois o primeiro desafio encontra-se j\u00e1 dispon\u00edvel (<a class=\"x1i10hfl xjbqb8w x6umtig x1b1mbwd xaqea5y xav7gou x9f619 x1ypdohk xt0psk2 xe8uvvx xdj266r x11i5rnm xat24cr x1mh8g0r xexx8yu x4uap5 x18d9i69 xkhd6sd x16tdsg8 x1hl2dhg xggy1nq x1a2a7pz xt0b8zv x1fey0fg\" role=\"link\" href=\"http:\/\/www.seguranet.pt\/pt\/desafios?fbclid=IwAR3r8Tg5TCATgHUVfcTuyXU4cDvMB7w5JYKx9sDfefVFU6TZZLDqGIN0MO0\" target=\"_blank\" rel=\"nofollow noopener\">http:\/\/www.seguranet.pt\/pt\/desafios<\/a>).<\/div>\n<p><\/p>","protected":false},"excerpt":{"rendered":"<p>A Dire\u00e7\u00e3o-Geral da Educa\u00e7\u00e3o, em colabora\u00e7\u00e3o com o Centro de Compet\u00eancia TIC ESE\/IPS de Santar\u00e9m, promove a 16.\u00aa edi\u00e7\u00e3o do concurso Desafios SeguraNet, dinamizada no \u00e2mbito do Centro de Sensibiliza\u00e7\u00e3o SeguraNet. No presente ano letivo, este concurso alarga o seu espectro de a\u00e7\u00e3o \u00e0 Educa\u00e7\u00e3o Pr\u00e9-Escolar. Assim, s\u00e3o contempladas cinco categorias, com desafios sobre temas [&hellip;]<\/p>\n","protected":false},"author":55,"featured_media":12592,"comment_status":"closed","ping_status":"closed","sticky":false,"template":"","format":"standard","meta":{"_acf_changed":false,"footnotes":""},"categories":[1],"tags":[],"class_list":["post-12686","post","type-post","status-publish","format-standard","has-post-thumbnail","hentry","category-sem-categoria"],"acf":[],"_links":{"self":[{"href":"https:\/\/www.cm-evora.pt\/mutic\/wp-json\/wp\/v2\/posts\/12686","targetHints":{"allow":["GET"]}}],"collection":[{"href":"https:\/\/www.cm-evora.pt\/mutic\/wp-json\/wp\/v2\/posts"}],"about":[{"href":"https:\/\/www.cm-evora.pt\/mutic\/wp-json\/wp\/v2\/types\/post"}],"author":[{"embeddable":true,"href":"https:\/\/www.cm-evora.pt\/mutic\/wp-json\/wp\/v2\/users\/55"}],"replies":[{"embeddable":true,"href":"https:\/\/www.cm-evora.pt\/mutic\/wp-json\/wp\/v2\/comments?post=12686"}],"version-history":[{"count":2,"href":"https:\/\/www.cm-evora.pt\/mutic\/wp-json\/wp\/v2\/posts\/12686\/revisions"}],"predecessor-version":[{"id":12689,"href":"https:\/\/www.cm-evora.pt\/mutic\/wp-json\/wp\/v2\/posts\/12686\/revisions\/12689"}],"wp:featuredmedia":[{"embeddable":true,"href":"https:\/\/www.cm-evora.pt\/mutic\/wp-json\/wp\/v2\/media\/12592"}],"wp:attachment":[{"href":"https:\/\/www.cm-evora.pt\/mutic\/wp-json\/wp\/v2\/media?parent=12686"}],"wp:term":[{"taxonomy":"category","embeddable":true,"href":"https:\/\/www.cm-evora.pt\/mutic\/wp-json\/wp\/v2\/categories?post=12686"},{"taxonomy":"post_tag","embeddable":true,"href":"https:\/\/www.cm-evora.pt\/mutic\/wp-json\/wp\/v2\/tags?post=12686"}],"curies":[{"name":"wp","href":"https:\/\/api.w.org\/{rel}","templated":true}]}}